{"id":4669,"date":"2023-05-04T21:43:44","date_gmt":"2023-05-05T00:43:44","guid":{"rendered":"http:\/\/cultura.sma.gob.ar\/?p=4669"},"modified":"2023-05-04T21:43:44","modified_gmt":"2023-05-05T00:43:44","slug":"cuzares-en-la-sala-amankay","status":"publish","type":"post","link":"https:\/\/cultura.sma.gob.ar\/?p=4669","title":{"rendered":"&#8221;Cuzares&#8221; en la Sala Amankay"},"content":{"rendered":"\n\n\n<p>El pr\u00f3ximo s\u00e1bado, 20 de mayo, a las 20:30hs, en nuestra querida Sala Amankay, compartiremos una nueva e imperdible noche musical.<br><em>\u201cEl Grupo \u201cSurandes\u201d tiene el honor de invitar a la presentaci\u00f3n del disco \u201cCRUZARES\u201d, fruto de la hermandad surgida a partir de tantos Encuentros entre nuestros hermanos y hermanas de Alambique, Israel Prieto, Claudio Olivieri y la \u201cNegra\u201d Gabriela Icardi\u201d.<\/em><br>\u201cCruzares\u201d refleja y devuelve fragmentos de vidas compartidas, alegr\u00edas y tristezas, de amistades construidas y fortalecidas desde y junto a los procesos colectivos en ambas partes de nuestra Cordillera, una Cordillera que nos re-une, nos abraza.<br>\u201cAlambique\u201d propone, desde Osorno (Chile), un abordaje profundo de nuestras m\u00fasicas latinoamericanas, con un lenguaje y decir propio, aut\u00e9ntico y comprometido. Complementan, ampl\u00edan y enriquecen estos sones nuestros queridos Israel Prieto, Claudio y Gabriela Icardi.<br>\u201cCruzares\u201d es el fruto de tantas \u201cidas\u201d y \u201cvenidas\u201d en este camino art\u00edstico y musical dibujado en el tiempo y el espacio del Encuentro. Juntos pintar\u00e1n con sus canciones los momentos y personas que cosecharon y forjaron esta amistad profunda.<br>\u201cSurandes\u201d se suma a esta alegr\u00eda que nos convoca, porque somos y vivimos la Cultura del Encuentro junto a Nuestros Pueblos\u2026<br>\u00a1\u00a1Por m\u00e1s felices y fruct\u00edferos \u201cCRUZARES\u201d!!<\/p>\n\n\n\n<p>Entrada General $2.000.- En venta en la boleteria del Centro Cultural.&nbsp;<\/p>\n","protected":false},"excerpt":{"rendered":"<p>El pr\u00f3ximo s\u00e1bado, 20 de mayo, a las 20:30hs, en nuestra querida Sala Amankay, compartiremos una nueva e imperdible noche musical.\u201cEl Grupo \u201cSurandes\u201d tiene el honor de invitar a la presentaci\u00f3n del disco \u201cCRUZARES\u201d, fruto de la hermandad surgida a partir de tantos Encuentros entre nuestros hermanos y hermanas de Alambique, Israel Prieto, Claudio Olivieri y la \u201cNegra\u201d Gabriela Icardi\u201d.\u201cCruzares\u201d refleja y devuelve fragmentos de &hellip; <a href=\"https:\/\/cultura.sma.gob.ar\/?p=4669\" class=\"more-link\">Continue reading <span class=\"screen-reader-text\">&#8221;Cuzares&#8221; en la Sala Amankay<\/span><\/a><\/p>\n","protected":false},"author":1,"featured_media":297,"comment_status":"closed","ping_status":"","sticky":false,"template":"","format":"image","meta":{"footnotes":""},"categories":[2,9],"tags":[],"class_list":["post-4669","post","type-post","status-publish","format-image","has-post-thumbnail","hentry","category-ciudad-cultural","category-ultimas-noticias","post_format-post-format-image"],"_links":{"self":[{"href":"https:\/\/cultura.sma.gob.ar\/index.php?rest_route=\/wp\/v2\/posts\/4669","targetHints":{"allow":["GET"]}}],"collection":[{"href":"https:\/\/cultura.sma.gob.ar\/index.php?rest_route=\/wp\/v2\/posts"}],"about":[{"href":"https:\/\/cultura.sma.gob.ar\/index.php?rest_route=\/wp\/v2\/types\/post"}],"author":[{"embeddable":true,"href":"https:\/\/cultura.sma.gob.ar\/index.php?rest_route=\/wp\/v2\/users\/1"}],"replies":[{"embeddable":true,"href":"https:\/\/cultura.sma.gob.ar\/index.php?rest_route=%2Fwp%2Fv2%2Fcomments&post=4669"}],"version-history":[{"count":1,"href":"https:\/\/cultura.sma.gob.ar\/index.php?rest_route=\/wp\/v2\/posts\/4669\/revisions"}],"predecessor-version":[{"id":4670,"href":"https:\/\/cultura.sma.gob.ar\/index.php?rest_route=\/wp\/v2\/posts\/4669\/revisions\/4670"}],"wp:featuredmedia":[{"embeddable":true,"href":"https:\/\/cultura.sma.gob.ar\/index.php?rest_route=\/wp\/v2\/media\/297"}],"wp:attachment":[{"href":"https:\/\/cultura.sma.gob.ar\/index.php?rest_route=%2Fwp%2Fv2%2Fmedia&parent=4669"}],"wp:term":[{"taxonomy":"category","embeddable":true,"href":"https:\/\/cultura.sma.gob.ar\/index.php?rest_route=%2Fwp%2Fv2%2Fcategories&post=4669"},{"taxonomy":"post_tag","embeddable":true,"href":"https:\/\/cultura.sma.gob.ar\/index.php?rest_route=%2Fwp%2Fv2%2Ftags&post=4669"}],"curies":[{"name":"wp","href":"https:\/\/api.w.org\/{rel}","templated":true}]}}