{"id":4664,"date":"2023-05-02T18:22:24","date_gmt":"2023-05-02T21:22:24","guid":{"rendered":"http:\/\/cultura.sma.gob.ar\/?p=4664"},"modified":"2023-05-03T09:49:28","modified_gmt":"2023-05-03T12:49:28","slug":"convocatoria-para-conformar-la-comision-organizadora-de-la-feria-regional-del-libro-2","status":"publish","type":"post","link":"https:\/\/cultura.sma.gob.ar\/?p=4664","title":{"rendered":"Convocatoria para conformar la Comisi\u00f3n Organizadora de la Feria Regional del Libro"},"content":{"rendered":"\n<figure class=\"wp-block-image size-large\"><img loading=\"lazy\" decoding=\"async\" width=\"1024\" height=\"683\" src=\"http:\/\/cultura.sma.gob.ar\/wp-content\/uploads\/2023\/05\/WhatsApp-Image-2023-05-02-at-18.09.51-1024x683.jpeg\" alt=\"\" class=\"wp-image-4665\" srcset=\"https:\/\/cultura.sma.gob.ar\/wp-content\/uploads\/2023\/05\/WhatsApp-Image-2023-05-02-at-18.09.51-1024x683.jpeg 1024w, https:\/\/cultura.sma.gob.ar\/wp-content\/uploads\/2023\/05\/WhatsApp-Image-2023-05-02-at-18.09.51-300x200.jpeg 300w, https:\/\/cultura.sma.gob.ar\/wp-content\/uploads\/2023\/05\/WhatsApp-Image-2023-05-02-at-18.09.51-768x512.jpeg 768w, https:\/\/cultura.sma.gob.ar\/wp-content\/uploads\/2023\/05\/WhatsApp-Image-2023-05-02-at-18.09.51-135x90.jpeg 135w, https:\/\/cultura.sma.gob.ar\/wp-content\/uploads\/2023\/05\/WhatsApp-Image-2023-05-02-at-18.09.51.jpeg 1280w\" sizes=\"auto, (max-width: 1024px) 100vw, 1024px\" \/><\/figure>\n\n\n\n<p>La Secretar\u00eda de Cultura y Educaci\u00f3n invita a formar parte de la Comisi\u00f3n Organizadora de la Feria Regional del Libro a bibliotecas populares, el Centro Editor Municipal,&nbsp; librer\u00edas, los libreros con otras modalidades de venta, las editoriales, el Profesorado de Lengua y Literatura del Instituto Superior de Formaci\u00f3n Docente N\u00ba 3, la biblioteca especializada del Parque Nacional Lan\u00edn, la Biblioteca Mario Gentili del AUSMA, las comunidades mapuche del ejido urbano y un representante de los escritores de la localidad.<\/p>\n\n\n\n<p>Las instituciones mencionadas deben designar a un representante y un suplente, para formalizar su participaci\u00f3n en la Comisi\u00f3n Organizadora, enviando un correo electr\u00f3nico a <a href=\"mailto:feriadellibro@smandes.gob.ar\">feriadellibro@smandes.gob.ar<\/a> hasta el 5 de junio.<\/p>\n\n\n\n<p>Representante de escritores:<\/p>\n\n\n\n<p>Los escritores y escritoras locales que quieran participar en la organizaci\u00f3n de la Feria Regional del Libro 2023, <strong>deber\u00e1n enviar su postulaci\u00f3n a la Secretar\u00eda de Cultura, a partir de hoy y hasta el 5 de junio.<\/strong><\/p>\n\n\n\n<p>Para esto deber\u00e1n enviar un correo electr\u00f3nico a <a href=\"mailto:feriadellibro@smandes.gob.ar\">feriadellibro@smandes.gob.ar<\/a> , colocando en el asunto REPRESENTACI\u00d3N DE ESCRITORES EN FERIA DEL LIBRO, e incluir en el cuerpo del mail los siguientes datos:<\/p>\n\n\n\n<ul class=\"wp-block-list\"><li>Nombre y apellido<\/li><li>DNI<\/li><li>Cantidad de a\u00f1os que lleva residiendo en la ciudad<\/li><li>Libros publicados en los \u00faltimos 5 a\u00f1os, con su ISBN.<\/li><\/ul>\n\n\n\n<p><strong>Importante: esta convocatoria es v\u00e1lida para los escritores y escritoras que tengan como m\u00ednimo un libro publicado en los \u00faltimos 5 a\u00f1os<\/strong>.<\/p>\n\n\n\n<p>Una vez recibidas todas las postulaciones, se realizar\u00e1 un sorteo para determinar cu\u00e1l ser\u00e1 el representante de los escritores y escritoras locales en la Comisi\u00f3n Organizadora de esta edici\u00f3n 2023.<\/p>\n","protected":false},"excerpt":{"rendered":"<p>La Secretar\u00eda de Cultura y Educaci\u00f3n invita a formar parte de la Comisi\u00f3n Organizadora de la Feria Regional del Libro a bibliotecas populares, el Centro Editor Municipal,&nbsp; librer\u00edas, los libreros con otras modalidades de venta, las editoriales, el Profesorado de Lengua y Literatura del Instituto Superior de Formaci\u00f3n Docente N\u00ba 3, la biblioteca especializada del Parque Nacional Lan\u00edn, la Biblioteca Mario Gentili del AUSMA, las &hellip; <a href=\"https:\/\/cultura.sma.gob.ar\/?p=4664\" class=\"more-link\">Continue reading <span class=\"screen-reader-text\">Convocatoria para conformar la Comisi\u00f3n Organizadora de la Feria Regional del Libro<\/span><\/a><\/p>\n","protected":false},"author":1,"featured_media":296,"comment_status":"closed","ping_status":"","sticky":false,"template":"","format":"image","meta":{"footnotes":""},"categories":[3,9],"tags":[],"class_list":["post-4664","post","type-post","status-publish","format-image","has-post-thumbnail","hentry","category-eventos-cultura","category-ultimas-noticias","post_format-post-format-image"],"_links":{"self":[{"href":"https:\/\/cultura.sma.gob.ar\/index.php?rest_route=\/wp\/v2\/posts\/4664","targetHints":{"allow":["GET"]}}],"collection":[{"href":"https:\/\/cultura.sma.gob.ar\/index.php?rest_route=\/wp\/v2\/posts"}],"about":[{"href":"https:\/\/cultura.sma.gob.ar\/index.php?rest_route=\/wp\/v2\/types\/post"}],"author":[{"embeddable":true,"href":"https:\/\/cultura.sma.gob.ar\/index.php?rest_route=\/wp\/v2\/users\/1"}],"replies":[{"embeddable":true,"href":"https:\/\/cultura.sma.gob.ar\/index.php?rest_route=%2Fwp%2Fv2%2Fcomments&post=4664"}],"version-history":[{"count":2,"href":"https:\/\/cultura.sma.gob.ar\/index.php?rest_route=\/wp\/v2\/posts\/4664\/revisions"}],"predecessor-version":[{"id":4668,"href":"https:\/\/cultura.sma.gob.ar\/index.php?rest_route=\/wp\/v2\/posts\/4664\/revisions\/4668"}],"wp:featuredmedia":[{"embeddable":true,"href":"https:\/\/cultura.sma.gob.ar\/index.php?rest_route=\/wp\/v2\/media\/296"}],"wp:attachment":[{"href":"https:\/\/cultura.sma.gob.ar\/index.php?rest_route=%2Fwp%2Fv2%2Fmedia&parent=4664"}],"wp:term":[{"taxonomy":"category","embeddable":true,"href":"https:\/\/cultura.sma.gob.ar\/index.php?rest_route=%2Fwp%2Fv2%2Fcategories&post=4664"},{"taxonomy":"post_tag","embeddable":true,"href":"https:\/\/cultura.sma.gob.ar\/index.php?rest_route=%2Fwp%2Fv2%2Ftags&post=4664"}],"curies":[{"name":"wp","href":"https:\/\/api.w.org\/{rel}","templated":true}]}}