{"id":4659,"date":"2023-04-28T17:14:52","date_gmt":"2023-04-28T20:14:52","guid":{"rendered":"http:\/\/cultura.sma.gob.ar\/?p=4659"},"modified":"2023-04-28T17:14:52","modified_gmt":"2023-04-28T20:14:52","slug":"la-lista-de-schindler-en-el-ciclo-de-proyecciones-a-beneficio-en-la-sala-amankay","status":"publish","type":"post","link":"https:\/\/cultura.sma.gob.ar\/?p=4659","title":{"rendered":"&#8221;La lista de Schindler&#8221; en el ciclo de proyecciones a beneficio en la Sala Amankay"},"content":{"rendered":"\n<figure class=\"wp-block-image size-large\"><img loading=\"lazy\" decoding=\"async\" width=\"1024\" height=\"576\" src=\"http:\/\/cultura.sma.gob.ar\/wp-content\/uploads\/2023\/04\/la-lista.jpg\" alt=\"\" class=\"wp-image-4660\" srcset=\"https:\/\/cultura.sma.gob.ar\/wp-content\/uploads\/2023\/04\/la-lista.jpg 1024w, https:\/\/cultura.sma.gob.ar\/wp-content\/uploads\/2023\/04\/la-lista-300x169.jpg 300w, https:\/\/cultura.sma.gob.ar\/wp-content\/uploads\/2023\/04\/la-lista-768x432.jpg 768w, https:\/\/cultura.sma.gob.ar\/wp-content\/uploads\/2023\/04\/la-lista-160x90.jpg 160w\" sizes=\"auto, (max-width: 1024px) 100vw, 1024px\" \/><\/figure>\n\n\n\n<p><strong><u>7ma. TEMPORADA \u2013 A\u00d1O 2023<\/u><\/strong><strong><u>&nbsp;<\/u><\/strong><strong><u>\u2013 CICLO N\u00b0 38<\/u><\/strong><\/p>\n\n\n\n<p><strong>Ciclo de Cine&nbsp;<\/strong><strong>auspiciado por<\/strong><strong>&nbsp;<\/strong><strong>el Rotary Club de San Mart\u00edn de los Andes<\/strong><\/p>\n\n\n\n<p><strong><u>A beneficio de la Secci\u00f3n CUIDADOS PALIATIVOS<\/u><\/strong>&nbsp;<strong>del Hospital Ram\u00f3n Carrillo<\/strong><\/p>\n\n\n\n<p><strong>Mi\u00e9rcoles&nbsp;<\/strong><strong>3 de Mayo &nbsp;20<\/strong><strong>.15 hs \u2013 Sala \u201cAmankay\u201d de Cotesma<\/strong><\/p>\n\n\n\n<p><strong><u>Programaci\u00f3n y Presentaci\u00f3n:<\/u><\/strong><strong>&nbsp;Guillermo Ianniello<\/strong><\/p>\n\n\n\n<p>Ciclo&nbsp;<strong>\u201cLA VIDA SIEMPRE BRINDA ESPERANZA\u201d<\/strong><\/p>\n\n\n\n<p><strong><u>\u201cLA LISTA DE SCHINDLER\u201d<\/u><\/strong>.&nbsp;&nbsp;&nbsp;Liam Neeson&nbsp;\u2013 Ralph Fiennes \u2013 Ben Kingsley \u2013 Caroline Goodall<\/p>\n\n\n\n<p>G\u00e9nero: Biograf\u00eda \u2013 Drama &#8211; Historia<\/p>\n\n\n\n<p>Direcci\u00f3n: Steven Spielberg<\/p>\n\n\n\n<p>Gui\u00f3n Adaptado: Steven Zaillian<\/p>\n\n\n\n<p>Director de Fotograf\u00eda: Janusz Kaminski<\/p>\n\n\n\n<p>Banda Sonora: John Williams<\/p>\n\n\n\n<p>Idiomas: Ingl\u00e9s \u2013 Alem\u00e1n<\/p>\n\n\n\n<p>Subt\u00edtulos en espa\u00f1ol<\/p>\n\n\n\n<p>Pa\u00eds de Origen: Estados Unidos<\/p>\n\n\n\n<p>Productor: Kathleen Kennedy<\/p>\n\n\n\n<p>Estudios: Universal Pictures<\/p>\n\n\n\n<p>Lugar de Filmaci\u00f3n: Polonia \u2013 Israel<\/p>\n\n\n\n<p>A\u00f1o de Rodaje: 1993<\/p>\n\n\n\n<p>Premios: Mejor Pel\u00edcula \u2013 Mejor Director \u2013 Mejor Gui\u00f3n \u2013 Mejor Fotograf\u00eda\u00a0&#8211;\u00a0Mejor Banda Sonora \u2013 Mejor Actor<\/p>\n\n\n\n<p><strong>Con esta pel\u00edcula, Spielberg realiz\u00f3 una poes\u00eda viviente, una obra totalmente l\u00edrica sobre el horror y la demencia del hombre, un&nbsp;<u>maravilloso canto a la vida, a la esperanza en la oscuridad<\/u>, y le da voz a un pueblo silenciado y humillado durante siglos, que por fin vio c\u00f3mo su sufrimiento era relatado con manos serias, y todo ello es posible gracias a un hombre, Oskar Schindler, el mayor mecenas del siglo XX, y probablemente de la historia, el mecenas de lo m\u00e1s valioso e importante de este mundo: la vida\u2026<\/strong><\/p>\n\n\n\n<p><strong>Estamos hablando de una creaci\u00f3n maestra del cine. El film re\u00fane todas las condiciones que una obra magistral debe poseer: un gui\u00f3n magn\u00edfico, una fotograf\u00eda esplendida, un reparto donde todos los actores cumplen a la perfecci\u00f3n y una banda sonora con un impactante lenguaje simb\u00f3lico. Imperdible e inolvidable joya cin\u00e9fila\u2026<\/strong><\/p>\n\n\n\n<p><strong><u>Este Ciclo incluye tambi\u00e9n las siguientes pel\u00edculas:<\/u><\/strong><\/p>\n\n\n\n<p>*10 de Mayo: \u201cEl Color P\u00farpura\u201d<\/p>\n\n\n\n<p>*17 de Mayo: \u201cLa Vida es Bella\u201d<\/p>\n\n\n\n<p>*24 de Mayo: \u201cEl Paciente Ingl\u00e9s\u201d<\/p>\n\n\n\n<p>*31 de Mayo: \u201cAtrapado Sin Salida\u201d<\/p>\n\n\n\n<p>Entrada General $500.- Jubilados $400.-<\/p>\n\n\n\n<p>En venta en la boleteria del Centro Cultural.<\/p>\n","protected":false},"excerpt":{"rendered":"<p>7ma. TEMPORADA \u2013 A\u00d1O 2023&nbsp;\u2013 CICLO N\u00b0 38 Ciclo de Cine&nbsp;auspiciado por&nbsp;el Rotary Club de San Mart\u00edn de los Andes A beneficio de la Secci\u00f3n CUIDADOS PALIATIVOS&nbsp;del Hospital Ram\u00f3n Carrillo Mi\u00e9rcoles&nbsp;3 de Mayo &nbsp;20.15 hs \u2013 Sala \u201cAmankay\u201d de Cotesma Programaci\u00f3n y Presentaci\u00f3n:&nbsp;Guillermo Ianniello Ciclo&nbsp;\u201cLA VIDA SIEMPRE BRINDA ESPERANZA\u201d \u201cLA LISTA DE SCHINDLER\u201d.&nbsp;&nbsp;&nbsp;Liam Neeson&nbsp;\u2013 Ralph Fiennes \u2013 Ben Kingsley \u2013 Caroline Goodall G\u00e9nero: Biograf\u00eda \u2013 &hellip; <a href=\"https:\/\/cultura.sma.gob.ar\/?p=4659\" class=\"more-link\">Continue reading <span class=\"screen-reader-text\">&#8221;La lista de Schindler&#8221; en el ciclo de proyecciones a beneficio en la Sala Amankay<\/span><\/a><\/p>\n","protected":false},"author":1,"featured_media":297,"comment_status":"closed","ping_status":"","sticky":false,"template":"","format":"image","meta":{"footnotes":""},"categories":[2,9],"tags":[],"class_list":["post-4659","post","type-post","status-publish","format-image","has-post-thumbnail","hentry","category-ciudad-cultural","category-ultimas-noticias","post_format-post-format-image"],"_links":{"self":[{"href":"https:\/\/cultura.sma.gob.ar\/index.php?rest_route=\/wp\/v2\/posts\/4659","targetHints":{"allow":["GET"]}}],"collection":[{"href":"https:\/\/cultura.sma.gob.ar\/index.php?rest_route=\/wp\/v2\/posts"}],"about":[{"href":"https:\/\/cultura.sma.gob.ar\/index.php?rest_route=\/wp\/v2\/types\/post"}],"author":[{"embeddable":true,"href":"https:\/\/cultura.sma.gob.ar\/index.php?rest_route=\/wp\/v2\/users\/1"}],"replies":[{"embeddable":true,"href":"https:\/\/cultura.sma.gob.ar\/index.php?rest_route=%2Fwp%2Fv2%2Fcomments&post=4659"}],"version-history":[{"count":1,"href":"https:\/\/cultura.sma.gob.ar\/index.php?rest_route=\/wp\/v2\/posts\/4659\/revisions"}],"predecessor-version":[{"id":4661,"href":"https:\/\/cultura.sma.gob.ar\/index.php?rest_route=\/wp\/v2\/posts\/4659\/revisions\/4661"}],"wp:featuredmedia":[{"embeddable":true,"href":"https:\/\/cultura.sma.gob.ar\/index.php?rest_route=\/wp\/v2\/media\/297"}],"wp:attachment":[{"href":"https:\/\/cultura.sma.gob.ar\/index.php?rest_route=%2Fwp%2Fv2%2Fmedia&parent=4659"}],"wp:term":[{"taxonomy":"category","embeddable":true,"href":"https:\/\/cultura.sma.gob.ar\/index.php?rest_route=%2Fwp%2Fv2%2Fcategories&post=4659"},{"taxonomy":"post_tag","embeddable":true,"href":"https:\/\/cultura.sma.gob.ar\/index.php?rest_route=%2Fwp%2Fv2%2Ftags&post=4659"}],"curies":[{"name":"wp","href":"https:\/\/api.w.org\/{rel}","templated":true}]}}