{"id":4652,"date":"2023-04-25T09:02:00","date_gmt":"2023-04-25T12:02:00","guid":{"rendered":"http:\/\/cultura.sma.gob.ar\/?p=4652"},"modified":"2023-04-28T17:35:19","modified_gmt":"2023-04-28T20:35:19","slug":"el-artista-martin-villalba-llega-al-festival-internacional-de-titeres-de-la-mano-de-fundacion-osde","status":"publish","type":"post","link":"https:\/\/cultura.sma.gob.ar\/?p=4652","title":{"rendered":"El artista Mart\u00edn Villalba llega al Festival Internacional de T\u00edteres de la mano de Fundaci\u00f3n OSDE"},"content":{"rendered":"\n<figure class=\"wp-block-image size-large\"><img loading=\"lazy\" decoding=\"async\" width=\"820\" height=\"1024\" src=\"http:\/\/cultura.sma.gob.ar\/wp-content\/uploads\/2023\/04\/Muestra-Martin-Villalba_4x5-820x1024.jpg\" alt=\"\" class=\"wp-image-4653\" srcset=\"https:\/\/cultura.sma.gob.ar\/wp-content\/uploads\/2023\/04\/Muestra-Martin-Villalba_4x5-820x1024.jpg 820w, https:\/\/cultura.sma.gob.ar\/wp-content\/uploads\/2023\/04\/Muestra-Martin-Villalba_4x5-240x300.jpg 240w, https:\/\/cultura.sma.gob.ar\/wp-content\/uploads\/2023\/04\/Muestra-Martin-Villalba_4x5-768x959.jpg 768w, https:\/\/cultura.sma.gob.ar\/wp-content\/uploads\/2023\/04\/Muestra-Martin-Villalba_4x5-72x90.jpg 72w, https:\/\/cultura.sma.gob.ar\/wp-content\/uploads\/2023\/04\/Muestra-Martin-Villalba_4x5.jpg 1081w\" sizes=\"auto, (max-width: 820px) 100vw, 820px\" \/><\/figure>\n\n\n\n<p><\/p>\n\n\n\n<p>En el marco del 15\u00b0 Festival Internacional de T\u00edteres de San Mart\u00edn de los Andes, el artista cipole\u00f1o Mart\u00edn Villalba expondr\u00e1 en la Sala Lidaura Chapitel la muestra \u201cUniversos paralelos\u201d que recibir\u00e1 la visita de 4.000 chicas y chicos de escuelas y del p\u00fablico que se acerque en forma espont\u00e1nea. Se trata de una propuesta de Fundaci\u00f3n OSDE, que desde hace ya una d\u00e9cada acompa\u00f1a la organizaci\u00f3n de este Festival.<\/p>\n\n\n\n<p>Esta muestra presenta una serie de personajes elaborados con t\u00e9cnicas artesanales y materiales como lana de oveja y madera. A trav\u00e9s de la iron\u00eda y lo l\u00fadico, nos cuenta historias cargadas de reflexi\u00f3n, abordando temas sumamente sensibles en las infancias, como los miedos, el ocultamiento y la mentira.<\/p>\n\n\n\n<p>Mart\u00edn Villalba es un artista pl\u00e1stico polifac\u00e9tico, en permanente expansi\u00f3n, con propuestas que gozan de un creciente reconocimiento, tanto en la regi\u00f3n como en el pa\u00eds.<\/p>\n\n\n\n<p>La muestra Universos Paralelos, especialmente preparada para el Festival de T\u00edteres, se inaugurar\u00e1 el viernes 5 de mayo, a las 20 hs, y podr\u00e1 ser visitada hasta el s\u00e1bado 20 del mismo mes.<\/p>\n\n\n\n<p>En el marco de esta propuesta, Mart\u00edn Villalba ofrecer\u00e1 tambi\u00e9n el taller \u201cTipit@s, construcci\u00f3n de personajes en madera\u201d, destinado a docentes y adultos en general. <\/p>\n\n\n\n<p>Este taller, de participaci\u00f3n gratuita, se desarrollar\u00e1 el lunes 8 y martes 9 de mayo, de 18.30 a 20.30 hs, en la Sala Lidaura Chapitel y tendr\u00e1 un cupo de 15 asistentes. <\/p>\n\n\n\n<p>Para inscribirse comunicarse con el 424804, de 9 a 20 hs.<\/p>\n","protected":false},"excerpt":{"rendered":"<p>En el marco del 15\u00b0 Festival Internacional de T\u00edteres de San Mart\u00edn de los Andes, el artista cipole\u00f1o Mart\u00edn Villalba expondr\u00e1 en la Sala Lidaura Chapitel la muestra \u201cUniversos paralelos\u201d que recibir\u00e1 la visita de 4.000 chicas y chicos de escuelas y del p\u00fablico que se acerque en forma espont\u00e1nea. Se trata de una propuesta de Fundaci\u00f3n OSDE, que desde hace ya una d\u00e9cada acompa\u00f1a &hellip; <a href=\"https:\/\/cultura.sma.gob.ar\/?p=4652\" class=\"more-link\">Continue reading <span class=\"screen-reader-text\">El artista Mart\u00edn Villalba llega al Festival Internacional de T\u00edteres de la mano de Fundaci\u00f3n OSDE<\/span><\/a><\/p>\n","protected":false},"author":1,"featured_media":296,"comment_status":"closed","ping_status":"","sticky":false,"template":"","format":"image","meta":{"footnotes":""},"categories":[3,9],"tags":[],"class_list":["post-4652","post","type-post","status-publish","format-image","has-post-thumbnail","hentry","category-eventos-cultura","category-ultimas-noticias","post_format-post-format-image"],"_links":{"self":[{"href":"https:\/\/cultura.sma.gob.ar\/index.php?rest_route=\/wp\/v2\/posts\/4652","targetHints":{"allow":["GET"]}}],"collection":[{"href":"https:\/\/cultura.sma.gob.ar\/index.php?rest_route=\/wp\/v2\/posts"}],"about":[{"href":"https:\/\/cultura.sma.gob.ar\/index.php?rest_route=\/wp\/v2\/types\/post"}],"author":[{"embeddable":true,"href":"https:\/\/cultura.sma.gob.ar\/index.php?rest_route=\/wp\/v2\/users\/1"}],"replies":[{"embeddable":true,"href":"https:\/\/cultura.sma.gob.ar\/index.php?rest_route=%2Fwp%2Fv2%2Fcomments&post=4652"}],"version-history":[{"count":1,"href":"https:\/\/cultura.sma.gob.ar\/index.php?rest_route=\/wp\/v2\/posts\/4652\/revisions"}],"predecessor-version":[{"id":4654,"href":"https:\/\/cultura.sma.gob.ar\/index.php?rest_route=\/wp\/v2\/posts\/4652\/revisions\/4654"}],"wp:featuredmedia":[{"embeddable":true,"href":"https:\/\/cultura.sma.gob.ar\/index.php?rest_route=\/wp\/v2\/media\/296"}],"wp:attachment":[{"href":"https:\/\/cultura.sma.gob.ar\/index.php?rest_route=%2Fwp%2Fv2%2Fmedia&parent=4652"}],"wp:term":[{"taxonomy":"category","embeddable":true,"href":"https:\/\/cultura.sma.gob.ar\/index.php?rest_route=%2Fwp%2Fv2%2Fcategories&post=4652"},{"taxonomy":"post_tag","embeddable":true,"href":"https:\/\/cultura.sma.gob.ar\/index.php?rest_route=%2Fwp%2Fv2%2Ftags&post=4652"}],"curies":[{"name":"wp","href":"https:\/\/api.w.org\/{rel}","templated":true}]}}