{"id":465,"date":"2020-10-31T10:55:35","date_gmt":"2020-10-31T13:55:35","guid":{"rendered":"http:\/\/cultura.sma.gob.ar\/?p=465"},"modified":"2020-10-31T10:55:35","modified_gmt":"2020-10-31T13:55:35","slug":"zambalache-en-el-ciclo-mu-sa","status":"publish","type":"post","link":"https:\/\/cultura.sma.gob.ar\/?p=465","title":{"rendered":"Zambalache en el ciclo Mu.Sa"},"content":{"rendered":"\n<figure class=\"wp-block-image size-large\"><img loading=\"lazy\" decoding=\"async\" width=\"723\" height=\"1024\" src=\"http:\/\/cultura.sma.gob.ar\/wp-content\/uploads\/2020\/10\/Afiche-Zambalache-JPEG-723x1024.jpg\" alt=\"\" class=\"wp-image-466\" srcset=\"https:\/\/cultura.sma.gob.ar\/wp-content\/uploads\/2020\/10\/Afiche-Zambalache-JPEG-723x1024.jpg 723w, https:\/\/cultura.sma.gob.ar\/wp-content\/uploads\/2020\/10\/Afiche-Zambalache-JPEG-212x300.jpg 212w, https:\/\/cultura.sma.gob.ar\/wp-content\/uploads\/2020\/10\/Afiche-Zambalache-JPEG-768x1087.jpg 768w, https:\/\/cultura.sma.gob.ar\/wp-content\/uploads\/2020\/10\/Afiche-Zambalache-JPEG-64x90.jpg 64w, https:\/\/cultura.sma.gob.ar\/wp-content\/uploads\/2020\/10\/Afiche-Zambalache-JPEG.jpg 904w\" sizes=\"auto, (max-width: 723px) 100vw, 723px\" \/><\/figure>\n\n\n\n<p>El pr\u00f3ximo lunes 02 de noviembre, comienza el segundo mes del Ciclo \u201c<a href=\"https:\/\/correo.smandes.gov.ar\/owa\/redir.aspx?C=cef1f93d449647959ca328f5e8dbe6ad&amp;URL=https%3a%2f%2fwww.facebook.com%2fMuSa-Musiques-de-SMA-108453024340023\" target=\"_blank\" rel=\"noreferrer noopener\">Mu.Sa.<\/a>\u201d con m\u00e1s presentaciones en Streaming, sin p\u00fablico presencial y bajo protocolo sanitario, desde nuestra querida Sala Amankay.<\/p>\n\n\n\n<p>A las 19:30hs llega \u201cZAMBALACHE\u201d a trav\u00e9s de su cuenta de Facebook.<\/p>\n\n\n\n<p>\u201cZambalache\u201d es el cuarteto de tango de San Mart\u00edn de los Andes, formado por Emiliano Casvin y Gustavo Navarro en guitarras, Mart\u00edn Vargas en bandone\u00f3n y &#8220;Taza&#8221; Mendor en canto.<br>Durante la cuarentena hicieron una serie de videos llamados &#8220;tangos en cuarentena&#8221; que puede visitarse en su canal de youtube.<br>Con el fin de no perder contacto con el buen p\u00fablico tanguero de SMA y del resto del mundo realizar\u00e1n el pr\u00f3ximo lunes 2 de noviembre un vivo por facebook que podr\u00e1 verse a trav\u00e9s de su cuenta Facebook:&nbsp;&nbsp;<a href=\"https:\/\/correo.smandes.gov.ar\/owa\/redir.aspx?C=cef1f93d449647959ca328f5e8dbe6ad&amp;URL=https%3a%2f%2fwww.facebook.com%2ftango.zambalache.5\" target=\"_blank\" rel=\"noreferrer noopener\">https:\/\/www.facebook.com\/tango.zambalache.5<\/a><\/p>\n\n\n\n<p>Adem\u00e1s de disfrutarlos, si quer\u00e9s, pod\u00e9s aportar con la banda a trav\u00e9s de los siguientes links de Mercado Pago:<br>BONO CONTRIBUCION TANGUERO<br>$200&nbsp;<a href=\"https:\/\/correo.smandes.gov.ar\/owa\/redir.aspx?C=cef1f93d449647959ca328f5e8dbe6ad&amp;URL=https%3a%2f%2fmpago.la%2f22h5vLs\" target=\"_blank\" rel=\"noreferrer noopener\">https:\/\/mpago.la\/22h5vLs<\/a><br>$500&nbsp;<a href=\"https:\/\/correo.smandes.gov.ar\/owa\/redir.aspx?C=cef1f93d449647959ca328f5e8dbe6ad&amp;URL=https%3a%2f%2fmpago.la%2f1nYj7U3\" target=\"_blank\" rel=\"noreferrer noopener\">https:\/\/mpago.la\/1nYj7U3<\/a><br>$1000&nbsp;<a href=\"https:\/\/correo.smandes.gov.ar\/owa\/redir.aspx?C=cef1f93d449647959ca328f5e8dbe6ad&amp;URL=https%3a%2f%2fmpago.la%2f1UgdeD3\" target=\"_blank\" rel=\"noreferrer noopener\">https:\/\/mpago.la\/1UgdeD3<\/a><\/p>\n","protected":false},"excerpt":{"rendered":"<p>Lunes 2 de noviembre, a las 19.30hs <a href=\"https:\/\/cultura.sma.gob.ar\/?p=465\" class=\"more-link\">Continue reading <span class=\"screen-reader-text\">Zambalache en el ciclo Mu.Sa<\/span><\/a><\/p>\n","protected":false},"author":1,"featured_media":297,"comment_status":"closed","ping_status":"","sticky":false,"template":"","format":"image","meta":{"footnotes":""},"categories":[2],"tags":[],"class_list":["post-465","post","type-post","status-publish","format-image","has-post-thumbnail","hentry","category-ciudad-cultural","post_format-post-format-image"],"_links":{"self":[{"href":"https:\/\/cultura.sma.gob.ar\/index.php?rest_route=\/wp\/v2\/posts\/465","targetHints":{"allow":["GET"]}}],"collection":[{"href":"https:\/\/cultura.sma.gob.ar\/index.php?rest_route=\/wp\/v2\/posts"}],"about":[{"href":"https:\/\/cultura.sma.gob.ar\/index.php?rest_route=\/wp\/v2\/types\/post"}],"author":[{"embeddable":true,"href":"https:\/\/cultura.sma.gob.ar\/index.php?rest_route=\/wp\/v2\/users\/1"}],"replies":[{"embeddable":true,"href":"https:\/\/cultura.sma.gob.ar\/index.php?rest_route=%2Fwp%2Fv2%2Fcomments&post=465"}],"version-history":[{"count":1,"href":"https:\/\/cultura.sma.gob.ar\/index.php?rest_route=\/wp\/v2\/posts\/465\/revisions"}],"predecessor-version":[{"id":467,"href":"https:\/\/cultura.sma.gob.ar\/index.php?rest_route=\/wp\/v2\/posts\/465\/revisions\/467"}],"wp:featuredmedia":[{"embeddable":true,"href":"https:\/\/cultura.sma.gob.ar\/index.php?rest_route=\/wp\/v2\/media\/297"}],"wp:attachment":[{"href":"https:\/\/cultura.sma.gob.ar\/index.php?rest_route=%2Fwp%2Fv2%2Fmedia&parent=465"}],"wp:term":[{"taxonomy":"category","embeddable":true,"href":"https:\/\/cultura.sma.gob.ar\/index.php?rest_route=%2Fwp%2Fv2%2Fcategories&post=465"},{"taxonomy":"post_tag","embeddable":true,"href":"https:\/\/cultura.sma.gob.ar\/index.php?rest_route=%2Fwp%2Fv2%2Ftags&post=465"}],"curies":[{"name":"wp","href":"https:\/\/api.w.org\/{rel}","templated":true}]}}