{"id":4648,"date":"2023-04-24T18:48:28","date_gmt":"2023-04-24T21:48:28","guid":{"rendered":"http:\/\/cultura.sma.gob.ar\/?p=4648"},"modified":"2023-04-24T18:48:28","modified_gmt":"2023-04-24T21:48:28","slug":"con-la-proyeccion-de-amadeus-finaliza-el-1-ciclo-de-cine-2023","status":"publish","type":"post","link":"https:\/\/cultura.sma.gob.ar\/?p=4648","title":{"rendered":"Con la proyecci\u00f3n de &#8220;AMADEUS&#8221; finaliza el 1\u00b0 Ciclo de Cine 2023"},"content":{"rendered":"\n<figure class=\"wp-block-image size-large\"><img loading=\"lazy\" decoding=\"async\" width=\"1024\" height=\"427\" src=\"http:\/\/cultura.sma.gob.ar\/wp-content\/uploads\/2023\/04\/amadeus-1024x427.jpg\" alt=\"\" class=\"wp-image-4649\" srcset=\"https:\/\/cultura.sma.gob.ar\/wp-content\/uploads\/2023\/04\/amadeus-1024x427.jpg 1024w, https:\/\/cultura.sma.gob.ar\/wp-content\/uploads\/2023\/04\/amadeus-300x125.jpg 300w, https:\/\/cultura.sma.gob.ar\/wp-content\/uploads\/2023\/04\/amadeus-768x320.jpg 768w, https:\/\/cultura.sma.gob.ar\/wp-content\/uploads\/2023\/04\/amadeus-216x90.jpg 216w, https:\/\/cultura.sma.gob.ar\/wp-content\/uploads\/2023\/04\/amadeus.jpg 1125w\" sizes=\"auto, (max-width: 1024px) 100vw, 1024px\" \/><\/figure>\n\n\n\n<p><strong><u>7ma. TEMPORADA \u2013 A\u00d1O 2023<\/u><\/strong><strong><u>&nbsp;<\/u><\/strong><strong><u>\u2013 CICLO N\u00b0 37<\/u><\/strong><strong><u><\/u><\/strong><strong><u><\/u><\/strong><\/p>\n\n\n\n<p><strong>Ciclo de Cine&nbsp;<\/strong><strong>auspiciado por<\/strong><strong>&nbsp;<\/strong><strong>el Rotary Club de San Mart\u00edn de los Andes<\/strong><\/p>\n\n\n\n<p><strong><u>A beneficio de la Secci\u00f3n CUIDADOS PALIATIVOS<\/u><\/strong>&nbsp;<strong>del Hospital Ram\u00f3n Carrillo<\/strong><\/p>\n\n\n\n<p><strong>Mi\u00e9rcoles&nbsp;<\/strong><strong>26&nbsp;<\/strong><strong>de Abril &nbsp;20.15 hs \u2013 Sala \u201cAmankay\u201d de Cotesma<\/strong><\/p>\n\n\n\n<p><strong><u>Programaci\u00f3n y Presentaci\u00f3n:<\/u><\/strong><strong>&nbsp;Guillermo Ianniello<\/strong><\/p>\n\n\n\n<p>Ciclo&nbsp;<strong>\u201cGRANDES PERSONAJES\u201d<\/strong><\/p>\n\n\n\n<p><strong><u>\u201cAMADEUS\u201d<\/u><\/strong>.&nbsp;&nbsp;&nbsp;Tom Hulce&nbsp;&nbsp;\u2013 Murray Abraham \u2013 Elizabeth Berridge \u2013 Roy Dotrice \u2013 Simon Callow<\/p>\n\n\n\n<p>G\u00e9nero: Biograf\u00eda \u2013 Drama &#8211; M\u00fasica<\/p>\n\n\n\n<p>Direcci\u00f3n: Milos Forman<\/p>\n\n\n\n<p>Gui\u00f3n Original: Peter Shaffer<\/p>\n\n\n\n<p>Director de Fotograf\u00eda: Miroslav Ondricek<\/p>\n\n\n\n<p>Banda Sonora: Mark Adler<\/p>\n\n\n\n<p>Idiomas: Ingl\u00e9s \u2013 Italiano \u2013 Alem\u00e1n &#8211; Franc\u00e9s<\/p>\n\n\n\n<p>Subt\u00edtulos en espa\u00f1ol<\/p>\n\n\n\n<p>Pa\u00eds de Origen: Estados Unidos<\/p>\n\n\n\n<p>Productor: Saul Zaentz<\/p>\n\n\n\n<p>Estudios: Orion Pictures<\/p>\n\n\n\n<p>Lugar de Filmaci\u00f3n: Praga (Rep\u00fablica Checa) \u2013 Viena (Austria)&nbsp;<\/p>\n\n\n\n<p>A\u00f1o de Rodaje: 1984<\/p>\n\n\n\n<p>Premios: Mejor Pel\u00edcula \u2013 Mejor Director \u2013 Mejor Gui\u00f3n \u2013 Mejor Banda Sonora \u2013 Mejor Actor<\/p>\n\n\n\n<p><strong>\u201cAmadeus\u201d es una impresionante obra cinematogr\u00e1fica. La maravillosa puesta en escena, la fotograf\u00eda, las grandes interpretaciones (sobre todo la de F. Murray Abraham en el papel de Salieri, que le proporcion\u00f3 un Oscar) y la banda sonora hacen de \u201cAmadeus\u201d una de las mejores pel\u00edculas de la d\u00e9cada de los ochenta (se llev\u00f3 ocho<\/strong><strong>&nbsp;<\/strong><strong>premios Oscar) y una delicia para los sentidos.<br>Pero, aparte de todo esto, el gui\u00f3n de \u201cAmadeus\u201d contribuye a la grandeza de esta obra .<\/strong><\/p>\n\n\n\n<p><strong>La pel\u00edcula nos muestra la contraposici\u00f3n entre la mediocridad, representada por el compositor Salieri, frente a la genialidad de Mozart<\/strong>.&nbsp;<strong>Imperdible creaci\u00f3n f\u00edlmica que vale la pena ver m\u00e1s de una vez\u2026<\/strong><\/p>\n\n\n\n<p>Entrada General $500 &#8211; Jubilados $400.-<\/p>\n","protected":false},"excerpt":{"rendered":"<p>7ma. TEMPORADA \u2013 A\u00d1O 2023&nbsp;\u2013 CICLO N\u00b0 37 Ciclo de Cine&nbsp;auspiciado por&nbsp;el Rotary Club de San Mart\u00edn de los Andes A beneficio de la Secci\u00f3n CUIDADOS PALIATIVOS&nbsp;del Hospital Ram\u00f3n Carrillo Mi\u00e9rcoles&nbsp;26&nbsp;de Abril &nbsp;20.15 hs \u2013 Sala \u201cAmankay\u201d de Cotesma Programaci\u00f3n y Presentaci\u00f3n:&nbsp;Guillermo Ianniello Ciclo&nbsp;\u201cGRANDES PERSONAJES\u201d \u201cAMADEUS\u201d.&nbsp;&nbsp;&nbsp;Tom Hulce&nbsp;&nbsp;\u2013 Murray Abraham \u2013 Elizabeth Berridge \u2013 Roy Dotrice \u2013 Simon Callow G\u00e9nero: Biograf\u00eda \u2013 Drama &#8211; M\u00fasica Direcci\u00f3n: &hellip; <a href=\"https:\/\/cultura.sma.gob.ar\/?p=4648\" class=\"more-link\">Continue reading <span class=\"screen-reader-text\">Con la proyecci\u00f3n de &#8220;AMADEUS&#8221; finaliza el 1\u00b0 Ciclo de Cine 2023<\/span><\/a><\/p>\n","protected":false},"author":1,"featured_media":297,"comment_status":"closed","ping_status":"","sticky":false,"template":"","format":"image","meta":{"footnotes":""},"categories":[2,9],"tags":[],"class_list":["post-4648","post","type-post","status-publish","format-image","has-post-thumbnail","hentry","category-ciudad-cultural","category-ultimas-noticias","post_format-post-format-image"],"_links":{"self":[{"href":"https:\/\/cultura.sma.gob.ar\/index.php?rest_route=\/wp\/v2\/posts\/4648","targetHints":{"allow":["GET"]}}],"collection":[{"href":"https:\/\/cultura.sma.gob.ar\/index.php?rest_route=\/wp\/v2\/posts"}],"about":[{"href":"https:\/\/cultura.sma.gob.ar\/index.php?rest_route=\/wp\/v2\/types\/post"}],"author":[{"embeddable":true,"href":"https:\/\/cultura.sma.gob.ar\/index.php?rest_route=\/wp\/v2\/users\/1"}],"replies":[{"embeddable":true,"href":"https:\/\/cultura.sma.gob.ar\/index.php?rest_route=%2Fwp%2Fv2%2Fcomments&post=4648"}],"version-history":[{"count":1,"href":"https:\/\/cultura.sma.gob.ar\/index.php?rest_route=\/wp\/v2\/posts\/4648\/revisions"}],"predecessor-version":[{"id":4650,"href":"https:\/\/cultura.sma.gob.ar\/index.php?rest_route=\/wp\/v2\/posts\/4648\/revisions\/4650"}],"wp:featuredmedia":[{"embeddable":true,"href":"https:\/\/cultura.sma.gob.ar\/index.php?rest_route=\/wp\/v2\/media\/297"}],"wp:attachment":[{"href":"https:\/\/cultura.sma.gob.ar\/index.php?rest_route=%2Fwp%2Fv2%2Fmedia&parent=4648"}],"wp:term":[{"taxonomy":"category","embeddable":true,"href":"https:\/\/cultura.sma.gob.ar\/index.php?rest_route=%2Fwp%2Fv2%2Fcategories&post=4648"},{"taxonomy":"post_tag","embeddable":true,"href":"https:\/\/cultura.sma.gob.ar\/index.php?rest_route=%2Fwp%2Fv2%2Ftags&post=4648"}],"curies":[{"name":"wp","href":"https:\/\/api.w.org\/{rel}","templated":true}]}}