{"id":4643,"date":"2023-04-19T20:27:49","date_gmt":"2023-04-19T23:27:49","guid":{"rendered":"http:\/\/cultura.sma.gob.ar\/?p=4643"},"modified":"2023-04-19T20:27:49","modified_gmt":"2023-04-19T23:27:49","slug":"se-viene-el-15-festival-internacional-de-titeres","status":"publish","type":"post","link":"https:\/\/cultura.sma.gob.ar\/?p=4643","title":{"rendered":"Se viene el 15\u00b0 Festival Internacional de T\u00edteres"},"content":{"rendered":"\n<figure class=\"wp-block-image size-large\"><img loading=\"lazy\" decoding=\"async\" width=\"1024\" height=\"1024\" src=\"http:\/\/cultura.sma.gob.ar\/wp-content\/uploads\/2023\/04\/WhatsApp-Image-2023-04-19-at-13.39.02-1024x1024.jpeg\" alt=\"\" class=\"wp-image-4644\" srcset=\"https:\/\/cultura.sma.gob.ar\/wp-content\/uploads\/2023\/04\/WhatsApp-Image-2023-04-19-at-13.39.02-1024x1024.jpeg 1024w, https:\/\/cultura.sma.gob.ar\/wp-content\/uploads\/2023\/04\/WhatsApp-Image-2023-04-19-at-13.39.02-300x300.jpeg 300w, https:\/\/cultura.sma.gob.ar\/wp-content\/uploads\/2023\/04\/WhatsApp-Image-2023-04-19-at-13.39.02-150x150.jpeg 150w, https:\/\/cultura.sma.gob.ar\/wp-content\/uploads\/2023\/04\/WhatsApp-Image-2023-04-19-at-13.39.02-768x768.jpeg 768w, https:\/\/cultura.sma.gob.ar\/wp-content\/uploads\/2023\/04\/WhatsApp-Image-2023-04-19-at-13.39.02-90x90.jpeg 90w, https:\/\/cultura.sma.gob.ar\/wp-content\/uploads\/2023\/04\/WhatsApp-Image-2023-04-19-at-13.39.02.jpeg 1080w\" sizes=\"auto, (max-width: 1024px) 100vw, 1024px\" \/><\/figure>\n\n\n\n<p><br>La Secretar\u00eda de Cultura y Educaci\u00f3n y el grupo &#8221;La Pelela T\u00edteres&#8221; invitan a toda la comunidad a ser parte de una nueva edici\u00f3n del Festival Internacional de T\u00edteres de San Mart\u00edn de los Andes, uno de los eventos m\u00e1s destacados del calendario cultural de la ciudad.<\/p>\n\n\n\n<p>Este a\u00f1o la programaci\u00f3n comenzar\u00e1 el 5 de mayo, con la inauguraci\u00f3n de la muestra &#8221;Universos Paralelos&#8221; del destacado artista cipole\u00f1o Mart\u00edn Villalba, en la Sala Lidaura Chapitel. En esta propuesta el artista presenta una serie de personajes cargados de historias, elaborados en madera y lana de oveja.<\/p>\n\n\n\n<p>Las funciones de t\u00edteres para escuelas y p\u00fablico en general se desarrollar\u00e1n del 14 al 21 de mayo y contar\u00e1n con la participaci\u00f3n de nueve compa\u00f1\u00edas titiriteras de gran trayectoria, provenientes de Colombia, Paraguay, Chile, Jujuy, Santa Fe, C\u00f3rdoba, Buenos Aires y Mendoza.<\/p>\n\n\n\n<p>Ser\u00e1n 46 funciones en total, a realizarse en el Centro Cultural Cotesma y en Espacio Trama. Los d\u00edas h\u00e1biles para escuelas, y el domingo 14, s\u00e1bado 20 y domingo 21 se presentar\u00e1n las funciones para toda la familia y para el p\u00fablico adulto.<\/p>\n\n\n\n<p>En relaci\u00f3n a la muestra &#8221;Universos Parelelos&#8221;, que este a\u00f1o abre el festival, ser\u00e1 inaugurada el viernes 5 de mayo, a las 20 hs en la sala Lidaura Chapitel e incluir\u00e1 el &#8221;Taller Tipit@s&#8221;, construcci\u00f3n de mu\u00f1ecos en madera, a cargo del artista.<\/p>\n\n\n\n<p>La muestra recibir\u00e1 la visita de escuelas y p\u00fablico en general hasta el s\u00e1bado 20 de mayo. Y el Taller se realizar\u00e1 en dos m\u00f3dulos de dos horas, en fecha a confirmar.<br>Tanto la muestra &#8221;Universos Paralelos&#8221; como el &#8221;Taller Tipit@s&#8221;, son una propuesta de Fundaci\u00f3n OSDE, que desde hace una d\u00e9cada acompa\u00f1a la realizaci\u00f3n del Festival Internacional de T\u00edteres.<\/p>\n","protected":false},"excerpt":{"rendered":"<p>La Secretar\u00eda de Cultura y Educaci\u00f3n y el grupo &#8221;La Pelela T\u00edteres&#8221; invitan a toda la comunidad a ser parte de una nueva edici\u00f3n del Festival Internacional de T\u00edteres de San Mart\u00edn de los Andes, uno de los eventos m\u00e1s destacados del calendario cultural de la ciudad. Este a\u00f1o la programaci\u00f3n comenzar\u00e1 el 5 de mayo, con la inauguraci\u00f3n de la muestra &#8221;Universos Paralelos&#8221; del &hellip; <a href=\"https:\/\/cultura.sma.gob.ar\/?p=4643\" class=\"more-link\">Continue reading <span class=\"screen-reader-text\">Se viene el 15\u00b0 Festival Internacional de T\u00edteres<\/span><\/a><\/p>\n","protected":false},"author":1,"featured_media":296,"comment_status":"closed","ping_status":"","sticky":false,"template":"","format":"image","meta":{"footnotes":""},"categories":[3,9],"tags":[],"class_list":["post-4643","post","type-post","status-publish","format-image","has-post-thumbnail","hentry","category-eventos-cultura","category-ultimas-noticias","post_format-post-format-image"],"_links":{"self":[{"href":"https:\/\/cultura.sma.gob.ar\/index.php?rest_route=\/wp\/v2\/posts\/4643","targetHints":{"allow":["GET"]}}],"collection":[{"href":"https:\/\/cultura.sma.gob.ar\/index.php?rest_route=\/wp\/v2\/posts"}],"about":[{"href":"https:\/\/cultura.sma.gob.ar\/index.php?rest_route=\/wp\/v2\/types\/post"}],"author":[{"embeddable":true,"href":"https:\/\/cultura.sma.gob.ar\/index.php?rest_route=\/wp\/v2\/users\/1"}],"replies":[{"embeddable":true,"href":"https:\/\/cultura.sma.gob.ar\/index.php?rest_route=%2Fwp%2Fv2%2Fcomments&post=4643"}],"version-history":[{"count":1,"href":"https:\/\/cultura.sma.gob.ar\/index.php?rest_route=\/wp\/v2\/posts\/4643\/revisions"}],"predecessor-version":[{"id":4645,"href":"https:\/\/cultura.sma.gob.ar\/index.php?rest_route=\/wp\/v2\/posts\/4643\/revisions\/4645"}],"wp:featuredmedia":[{"embeddable":true,"href":"https:\/\/cultura.sma.gob.ar\/index.php?rest_route=\/wp\/v2\/media\/296"}],"wp:attachment":[{"href":"https:\/\/cultura.sma.gob.ar\/index.php?rest_route=%2Fwp%2Fv2%2Fmedia&parent=4643"}],"wp:term":[{"taxonomy":"category","embeddable":true,"href":"https:\/\/cultura.sma.gob.ar\/index.php?rest_route=%2Fwp%2Fv2%2Fcategories&post=4643"},{"taxonomy":"post_tag","embeddable":true,"href":"https:\/\/cultura.sma.gob.ar\/index.php?rest_route=%2Fwp%2Fv2%2Ftags&post=4643"}],"curies":[{"name":"wp","href":"https:\/\/api.w.org\/{rel}","templated":true}]}}