{"id":4638,"date":"2023-04-13T20:19:39","date_gmt":"2023-04-13T23:19:39","guid":{"rendered":"http:\/\/cultura.sma.gob.ar\/?p=4638"},"modified":"2023-04-13T20:19:39","modified_gmt":"2023-04-13T23:19:39","slug":"el-padrino-en-el-centro-cultural-cotesma","status":"publish","type":"post","link":"https:\/\/cultura.sma.gob.ar\/?p=4638","title":{"rendered":"&#8221;El Padrino&#8221;, en el Centro Cultural Cotesma"},"content":{"rendered":"\n<figure class=\"wp-block-image size-large\"><img loading=\"lazy\" decoding=\"async\" width=\"604\" height=\"339\" src=\"http:\/\/cultura.sma.gob.ar\/wp-content\/uploads\/2023\/04\/image001.jpg\" alt=\"\" class=\"wp-image-4639\" srcset=\"https:\/\/cultura.sma.gob.ar\/wp-content\/uploads\/2023\/04\/image001.jpg 604w, https:\/\/cultura.sma.gob.ar\/wp-content\/uploads\/2023\/04\/image001-300x168.jpg 300w, https:\/\/cultura.sma.gob.ar\/wp-content\/uploads\/2023\/04\/image001-160x90.jpg 160w\" sizes=\"auto, (max-width: 604px) 100vw, 604px\" \/><\/figure>\n\n\n\n<p><strong><u>7ma. TEMPORADA \u2013 A\u00d1O 2023<\/u><\/strong><strong><u>&nbsp;<\/u><\/strong><strong><u>\u2013 CICLO N\u00b0 37<\/u><\/strong><strong><u><\/u><\/strong><strong><u><\/u><\/strong><\/p>\n\n\n\n<p><strong>Ciclo de Cine&nbsp;<\/strong><strong>auspiciado por<\/strong><strong>&nbsp;<\/strong><strong>el Rotary Club de San Mart\u00edn de los Andes<\/strong><\/p>\n\n\n\n<p><strong><u>A beneficio de la Secci\u00f3n CUIDADOS PALIATIVOS<\/u><\/strong>&nbsp;<strong>del Hospital Ram\u00f3n Carrillo<\/strong><\/p>\n\n\n\n<p><strong>Mi\u00e9rcoles&nbsp;<\/strong><strong>19&nbsp;<\/strong><strong>de Abril &nbsp;20.15 hs \u2013 Sala \u201cAmankay\u201d de Cotesma<\/strong><\/p>\n\n\n\n<p><strong><u>Programaci\u00f3n y Presentaci\u00f3n:<\/u><\/strong><strong>&nbsp;Guillermo Ianniello<\/strong><\/p>\n\n\n\n<p>Ciclo&nbsp;<strong>\u201cGRANDES PERSONAJES\u201d<\/strong><\/p>\n\n\n\n<p><strong><u>\u201cEL PADRINO\u201d<\/u><\/strong>.&nbsp;&nbsp;&nbsp;Marlon Brando \u2013 Al Pacino \u2013 Diane Keaton \u2013 Robert Duvall<\/p>\n\n\n\n<p>G\u00e9nero: Drama \u2013&nbsp;Mafia &#8211; Intriga<\/p>\n\n\n\n<p>Direcci\u00f3n: Francis Ford Coppola<\/p>\n\n\n\n<p>Gui\u00f3n&nbsp;Adaptado:&nbsp;Mario Puzo<\/p>\n\n\n\n<p>Director de Fotograf\u00eda: Gordon Willis<\/p>\n\n\n\n<p>Banda Sonora:&nbsp;Nino Rota<\/p>\n\n\n\n<p>Idiomas: Ingl\u00e9s \u2013&nbsp;Italiano<\/p>\n\n\n\n<p>Subt\u00edtulos en espa\u00f1ol<\/p>\n\n\n\n<p>Pa\u00eds de Origen:&nbsp;Estados Unidos<\/p>\n\n\n\n<p>Productor: Albert Ruddy<\/p>\n\n\n\n<p>Estudios:&nbsp;Paramount Pictures<\/p>\n\n\n\n<p>Lugar de Filmaci\u00f3n:&nbsp;Estados Unidos \u2013 Italia (Sicilia)&nbsp;<\/p>\n\n\n\n<p>A\u00f1o de Rodaje: 1972<\/p>\n\n\n\n<p>Premios: Mejor Pel\u00edcula \u2013 Mejor Director \u2013 Mejor Gui\u00f3n \u2013 Mejor Banda Sonora \u2013 Mejor Actor<\/p>\n\n\n\n<p><strong>Dicen que es la mejor pel\u00edcula de todos los tiempos. No s\u00f3lo es la historia de la mafia mejor contada, sino que es un verdadero drama familiar, en el que las armas quedan en un segundo plano. Sus personajes son tan humanos, tan reales, que uno termina involucr\u00e1ndose.<\/strong><\/p>\n\n\n\n<p><strong>Las actuaciones son memorables, en especial la de Marlon Brando, un Vito Corleone inigualable.<\/strong><\/p>\n\n\n\n<p><strong>Por<\/strong>&nbsp;<strong>otro lado, el trabajo de fotograf\u00eda y la excelente banda sonora (elegantemente sombr\u00eda: nada mejor para la ocasi\u00f3n), junto al inteligente manejo de c\u00e1mara, son un encanto para el buen cin\u00e9filo.<\/strong><\/p>\n\n\n\n<p><strong><u>Este ciclo tambi\u00e9n incluye la siguiente pel\u00edcula:<\/u><\/strong><\/p>\n\n\n\n<p><strong>Mie 26 de Abril: \u201cAMADEUS\u201d<\/strong><\/p>\n","protected":false},"excerpt":{"rendered":"<p>7ma. TEMPORADA \u2013 A\u00d1O 2023&nbsp;\u2013 CICLO N\u00b0 37 Ciclo de Cine&nbsp;auspiciado por&nbsp;el Rotary Club de San Mart\u00edn de los Andes A beneficio de la Secci\u00f3n CUIDADOS PALIATIVOS&nbsp;del Hospital Ram\u00f3n Carrillo Mi\u00e9rcoles&nbsp;19&nbsp;de Abril &nbsp;20.15 hs \u2013 Sala \u201cAmankay\u201d de Cotesma Programaci\u00f3n y Presentaci\u00f3n:&nbsp;Guillermo Ianniello Ciclo&nbsp;\u201cGRANDES PERSONAJES\u201d \u201cEL PADRINO\u201d.&nbsp;&nbsp;&nbsp;Marlon Brando \u2013 Al Pacino \u2013 Diane Keaton \u2013 Robert Duvall G\u00e9nero: Drama \u2013&nbsp;Mafia &#8211; Intriga Direcci\u00f3n: Francis Ford &hellip; <a href=\"https:\/\/cultura.sma.gob.ar\/?p=4638\" class=\"more-link\">Continue reading <span class=\"screen-reader-text\">&#8221;El Padrino&#8221;, en el Centro Cultural Cotesma<\/span><\/a><\/p>\n","protected":false},"author":1,"featured_media":297,"comment_status":"closed","ping_status":"","sticky":false,"template":"","format":"image","meta":{"footnotes":""},"categories":[2,9],"tags":[],"class_list":["post-4638","post","type-post","status-publish","format-image","has-post-thumbnail","hentry","category-ciudad-cultural","category-ultimas-noticias","post_format-post-format-image"],"_links":{"self":[{"href":"https:\/\/cultura.sma.gob.ar\/index.php?rest_route=\/wp\/v2\/posts\/4638","targetHints":{"allow":["GET"]}}],"collection":[{"href":"https:\/\/cultura.sma.gob.ar\/index.php?rest_route=\/wp\/v2\/posts"}],"about":[{"href":"https:\/\/cultura.sma.gob.ar\/index.php?rest_route=\/wp\/v2\/types\/post"}],"author":[{"embeddable":true,"href":"https:\/\/cultura.sma.gob.ar\/index.php?rest_route=\/wp\/v2\/users\/1"}],"replies":[{"embeddable":true,"href":"https:\/\/cultura.sma.gob.ar\/index.php?rest_route=%2Fwp%2Fv2%2Fcomments&post=4638"}],"version-history":[{"count":1,"href":"https:\/\/cultura.sma.gob.ar\/index.php?rest_route=\/wp\/v2\/posts\/4638\/revisions"}],"predecessor-version":[{"id":4640,"href":"https:\/\/cultura.sma.gob.ar\/index.php?rest_route=\/wp\/v2\/posts\/4638\/revisions\/4640"}],"wp:featuredmedia":[{"embeddable":true,"href":"https:\/\/cultura.sma.gob.ar\/index.php?rest_route=\/wp\/v2\/media\/297"}],"wp:attachment":[{"href":"https:\/\/cultura.sma.gob.ar\/index.php?rest_route=%2Fwp%2Fv2%2Fmedia&parent=4638"}],"wp:term":[{"taxonomy":"category","embeddable":true,"href":"https:\/\/cultura.sma.gob.ar\/index.php?rest_route=%2Fwp%2Fv2%2Fcategories&post=4638"},{"taxonomy":"post_tag","embeddable":true,"href":"https:\/\/cultura.sma.gob.ar\/index.php?rest_route=%2Fwp%2Fv2%2Ftags&post=4638"}],"curies":[{"name":"wp","href":"https:\/\/api.w.org\/{rel}","templated":true}]}}