{"id":4635,"date":"2023-04-13T20:14:16","date_gmt":"2023-04-13T23:14:16","guid":{"rendered":"http:\/\/cultura.sma.gob.ar\/?p=4635"},"modified":"2023-04-13T20:14:16","modified_gmt":"2023-04-13T23:14:16","slug":"petroka-la-biyuya-continua-en-el-centro-cultural-cotesma","status":"publish","type":"post","link":"https:\/\/cultura.sma.gob.ar\/?p=4635","title":{"rendered":"&#8221;PETROKA, la biyuya contin\u00faa&#8221;, en el Centro Cultural Cotesma"},"content":{"rendered":"\n\n\n<p><strong>PETROKA<\/strong><\/p>\n\n\n\n<p><strong>\u201cLA BIYUYA CONTINUA\u2026\u201d<\/strong><\/p>\n\n\n\n<p><strong>Nuevo show<br>por primera vez en San Martin de Los Andes<br>en el Centro Cultural \u201cCotesma<\/strong><br><br>Luego de haber recorrido todo el Pa\u00eds en el 2022 con Localidades Agotadas en casi todas sus funciones, \u201cEl Marito\u201d vuelve esta nueva temporada con&nbsp;una nueva propuesta para sus m\u00e1s fieles seguidores. Petroka \u201cLa Biyuya Continua\u2026\u201d es un show humor\u00edstico totalmente RENOVADO apto para todo p\u00fablico, donde Estar\u00e1 presente el Stand Up de \u201cEl Marito\u201d, una clase musical de un personaje muy particular \u201cEl Profe\u201d, donde tambi\u00e9n el p\u00fablico ser\u00e1 protagonista desde La Platea con intervenciones y obviamente llegar\u00e1 El Embajador del Oro Negro, El Gladiador Patag\u00f3nico&nbsp;<strong>\u201cPETROKA\u201d<\/strong>&nbsp;que con toda su ostentaci\u00f3n har\u00e1 estallar de risa al p\u00fablico y disfrutar de un humor bien PATAGONICO.<\/p>\n\n\n\n<p>Seguilo en redes: @elmaritoo<\/p>\n\n\n\n<p><strong>FECHA DE FUNCION: 5 DE MAYO \u2013 21:00Hs<\/strong><\/p>\n\n\n\n<p>Entradas en venta en el Centro Cultural Cotesma<br>Entrada Anticipada $3.000 \/ $3.500 en puerta el d\u00eda de la funci\u00f3n.<br><\/p>\n","protected":false},"excerpt":{"rendered":"<p>PETROKA \u201cLA BIYUYA CONTINUA\u2026\u201d Nuevo showpor primera vez en San Martin de Los Andesen el Centro Cultural \u201cCotesma Luego de haber recorrido todo el Pa\u00eds en el 2022 con Localidades Agotadas en casi todas sus funciones, \u201cEl Marito\u201d vuelve esta nueva temporada con&nbsp;una nueva propuesta para sus m\u00e1s fieles seguidores. Petroka \u201cLa Biyuya Continua\u2026\u201d es un show humor\u00edstico totalmente RENOVADO apto para todo p\u00fablico, donde &hellip; <a href=\"https:\/\/cultura.sma.gob.ar\/?p=4635\" class=\"more-link\">Continue reading <span class=\"screen-reader-text\">&#8221;PETROKA, la biyuya contin\u00faa&#8221;, en el Centro Cultural Cotesma<\/span><\/a><\/p>\n","protected":false},"author":1,"featured_media":297,"comment_status":"closed","ping_status":"","sticky":false,"template":"","format":"image","meta":{"footnotes":""},"categories":[2,9],"tags":[],"class_list":["post-4635","post","type-post","status-publish","format-image","has-post-thumbnail","hentry","category-ciudad-cultural","category-ultimas-noticias","post_format-post-format-image"],"_links":{"self":[{"href":"https:\/\/cultura.sma.gob.ar\/index.php?rest_route=\/wp\/v2\/posts\/4635","targetHints":{"allow":["GET"]}}],"collection":[{"href":"https:\/\/cultura.sma.gob.ar\/index.php?rest_route=\/wp\/v2\/posts"}],"about":[{"href":"https:\/\/cultura.sma.gob.ar\/index.php?rest_route=\/wp\/v2\/types\/post"}],"author":[{"embeddable":true,"href":"https:\/\/cultura.sma.gob.ar\/index.php?rest_route=\/wp\/v2\/users\/1"}],"replies":[{"embeddable":true,"href":"https:\/\/cultura.sma.gob.ar\/index.php?rest_route=%2Fwp%2Fv2%2Fcomments&post=4635"}],"version-history":[{"count":1,"href":"https:\/\/cultura.sma.gob.ar\/index.php?rest_route=\/wp\/v2\/posts\/4635\/revisions"}],"predecessor-version":[{"id":4636,"href":"https:\/\/cultura.sma.gob.ar\/index.php?rest_route=\/wp\/v2\/posts\/4635\/revisions\/4636"}],"wp:featuredmedia":[{"embeddable":true,"href":"https:\/\/cultura.sma.gob.ar\/index.php?rest_route=\/wp\/v2\/media\/297"}],"wp:attachment":[{"href":"https:\/\/cultura.sma.gob.ar\/index.php?rest_route=%2Fwp%2Fv2%2Fmedia&parent=4635"}],"wp:term":[{"taxonomy":"category","embeddable":true,"href":"https:\/\/cultura.sma.gob.ar\/index.php?rest_route=%2Fwp%2Fv2%2Fcategories&post=4635"},{"taxonomy":"post_tag","embeddable":true,"href":"https:\/\/cultura.sma.gob.ar\/index.php?rest_route=%2Fwp%2Fv2%2Ftags&post=4635"}],"curies":[{"name":"wp","href":"https:\/\/api.w.org\/{rel}","templated":true}]}}