{"id":4624,"date":"2023-04-06T19:46:01","date_gmt":"2023-04-06T22:46:01","guid":{"rendered":"http:\/\/cultura.sma.gob.ar\/?p=4624"},"modified":"2023-04-06T19:46:01","modified_gmt":"2023-04-06T22:46:01","slug":"programa-estaciones-culturales-2023-talleres-gratuitos-de-recreacion-e-iniciacion-artistica-en-los-barrios","status":"publish","type":"post","link":"https:\/\/cultura.sma.gob.ar\/?p=4624","title":{"rendered":"PROGRAMA ESTACIONES CULTURALES 2023: Talleres gratuitos de recreaci\u00f3n e iniciaci\u00f3n art\u00edstica en los barrios"},"content":{"rendered":"\n<figure class=\"wp-block-image size-large\"><img loading=\"lazy\" decoding=\"async\" width=\"1024\" height=\"1024\" src=\"http:\/\/cultura.sma.gob.ar\/wp-content\/uploads\/2023\/04\/WhatsApp-Image-2023-04-06-at-10.10.42-1024x1024.jpeg\" alt=\"\" class=\"wp-image-4625\" srcset=\"https:\/\/cultura.sma.gob.ar\/wp-content\/uploads\/2023\/04\/WhatsApp-Image-2023-04-06-at-10.10.42-1024x1024.jpeg 1024w, https:\/\/cultura.sma.gob.ar\/wp-content\/uploads\/2023\/04\/WhatsApp-Image-2023-04-06-at-10.10.42-300x300.jpeg 300w, https:\/\/cultura.sma.gob.ar\/wp-content\/uploads\/2023\/04\/WhatsApp-Image-2023-04-06-at-10.10.42-150x150.jpeg 150w, https:\/\/cultura.sma.gob.ar\/wp-content\/uploads\/2023\/04\/WhatsApp-Image-2023-04-06-at-10.10.42-768x768.jpeg 768w, https:\/\/cultura.sma.gob.ar\/wp-content\/uploads\/2023\/04\/WhatsApp-Image-2023-04-06-at-10.10.42-90x90.jpeg 90w, https:\/\/cultura.sma.gob.ar\/wp-content\/uploads\/2023\/04\/WhatsApp-Image-2023-04-06-at-10.10.42.jpeg 1080w\" sizes=\"auto, (max-width: 1024px) 100vw, 1024px\" \/><\/figure>\n\n\n\n<p><strong>Tres Estaciones Culturales:<\/strong><\/p>\n\n\n\n<ul class=\"wp-block-list\"><li><a href=\"http:\/\/cultura.sma.gob.ar\/2023\/04\/06\/estacion-cultural-de-el-arenal\/\" data-type=\"post\" data-id=\"4615\">ESTACI\u00d3N CULTURAL DE EL ARENAL<\/a><\/li><li><a href=\"http:\/\/cultura.sma.gob.ar\/2023\/04\/06\/estacion-cultural-vega-centro-3\/\" data-type=\"post\" data-id=\"4618\">ESTACI\u00d3N CULTURAL VEGA CENTRO<\/a><\/li><li><a href=\"http:\/\/cultura.sma.gob.ar\/2023\/04\/06\/estacion-cultural-cordones-del-chapelco-2\/\" data-type=\"post\" data-id=\"4621\">ESTACI\u00d3N CULTURAL CORDONES DEL CHAPELCO<\/a><\/li><\/ul>\n\n\n\n<p>M\u00e1s de 20 talleres gratuitos para todas las edades.<\/p>\n\n\n\n<p>Pod\u00e9s inscribirte a trav\u00e9s de WhatsApp al 2944212937 o por mail a <a href=\"mailto:tallerescultura.sma@gmail.com\">tallerescultura.sma@gmail.com<\/a><\/p>\n\n\n\n<figure class=\"wp-block-image size-large\"><img loading=\"lazy\" decoding=\"async\" width=\"820\" height=\"1024\" src=\"http:\/\/cultura.sma.gob.ar\/wp-content\/uploads\/2023\/04\/WhatsApp-Image-2023-04-06-at-09.24.28-1-820x1024.jpeg\" alt=\"\" class=\"wp-image-4626\" srcset=\"https:\/\/cultura.sma.gob.ar\/wp-content\/uploads\/2023\/04\/WhatsApp-Image-2023-04-06-at-09.24.28-1-820x1024.jpeg 820w, https:\/\/cultura.sma.gob.ar\/wp-content\/uploads\/2023\/04\/WhatsApp-Image-2023-04-06-at-09.24.28-1-240x300.jpeg 240w, https:\/\/cultura.sma.gob.ar\/wp-content\/uploads\/2023\/04\/WhatsApp-Image-2023-04-06-at-09.24.28-1-768x959.jpeg 768w, https:\/\/cultura.sma.gob.ar\/wp-content\/uploads\/2023\/04\/WhatsApp-Image-2023-04-06-at-09.24.28-1-72x90.jpeg 72w, https:\/\/cultura.sma.gob.ar\/wp-content\/uploads\/2023\/04\/WhatsApp-Image-2023-04-06-at-09.24.28-1.jpeg 1081w\" sizes=\"auto, (max-width: 820px) 100vw, 820px\" \/><\/figure>\n\n\n\n<figure class=\"wp-block-image size-large\"><img loading=\"lazy\" decoding=\"async\" width=\"820\" height=\"1024\" src=\"http:\/\/cultura.sma.gob.ar\/wp-content\/uploads\/2023\/04\/WhatsApp-Image-2023-04-06-at-09.23.34-1-1-820x1024.jpeg\" alt=\"\" class=\"wp-image-4627\" srcset=\"https:\/\/cultura.sma.gob.ar\/wp-content\/uploads\/2023\/04\/WhatsApp-Image-2023-04-06-at-09.23.34-1-1-820x1024.jpeg 820w, https:\/\/cultura.sma.gob.ar\/wp-content\/uploads\/2023\/04\/WhatsApp-Image-2023-04-06-at-09.23.34-1-1-240x300.jpeg 240w, https:\/\/cultura.sma.gob.ar\/wp-content\/uploads\/2023\/04\/WhatsApp-Image-2023-04-06-at-09.23.34-1-1-768x959.jpeg 768w, https:\/\/cultura.sma.gob.ar\/wp-content\/uploads\/2023\/04\/WhatsApp-Image-2023-04-06-at-09.23.34-1-1-72x90.jpeg 72w, https:\/\/cultura.sma.gob.ar\/wp-content\/uploads\/2023\/04\/WhatsApp-Image-2023-04-06-at-09.23.34-1-1.jpeg 1081w\" sizes=\"auto, (max-width: 820px) 100vw, 820px\" \/><\/figure>\n\n\n\n<figure class=\"wp-block-image size-large\"><img loading=\"lazy\" decoding=\"async\" width=\"820\" height=\"1024\" src=\"http:\/\/cultura.sma.gob.ar\/wp-content\/uploads\/2023\/04\/WhatsApp-Image-2023-04-06-at-09.21.33-1-820x1024.jpeg\" alt=\"\" class=\"wp-image-4628\" srcset=\"https:\/\/cultura.sma.gob.ar\/wp-content\/uploads\/2023\/04\/WhatsApp-Image-2023-04-06-at-09.21.33-1-820x1024.jpeg 820w, https:\/\/cultura.sma.gob.ar\/wp-content\/uploads\/2023\/04\/WhatsApp-Image-2023-04-06-at-09.21.33-1-240x300.jpeg 240w, https:\/\/cultura.sma.gob.ar\/wp-content\/uploads\/2023\/04\/WhatsApp-Image-2023-04-06-at-09.21.33-1-768x959.jpeg 768w, https:\/\/cultura.sma.gob.ar\/wp-content\/uploads\/2023\/04\/WhatsApp-Image-2023-04-06-at-09.21.33-1-72x90.jpeg 72w, https:\/\/cultura.sma.gob.ar\/wp-content\/uploads\/2023\/04\/WhatsApp-Image-2023-04-06-at-09.21.33-1.jpeg 1081w\" sizes=\"auto, (max-width: 820px) 100vw, 820px\" \/><\/figure>\n","protected":false},"excerpt":{"rendered":"<p>Tres Estaciones Culturales: ESTACI\u00d3N CULTURAL DE EL ARENAL ESTACI\u00d3N CULTURAL VEGA CENTRO ESTACI\u00d3N CULTURAL CORDONES DEL CHAPELCO M\u00e1s de 20 talleres gratuitos para todas las edades. Pod\u00e9s inscribirte a trav\u00e9s de WhatsApp al 2944212937 o por mail a tallerescultura.sma@gmail.com <a href=\"https:\/\/cultura.sma.gob.ar\/?p=4624\" class=\"more-link\">Continue reading <span class=\"screen-reader-text\">PROGRAMA ESTACIONES CULTURALES 2023: Talleres gratuitos de recreaci\u00f3n e iniciaci\u00f3n art\u00edstica en los barrios<\/span><\/a><\/p>\n","protected":false},"author":1,"featured_media":293,"comment_status":"closed","ping_status":"","sticky":false,"template":"","format":"image","meta":{"footnotes":""},"categories":[7,9],"tags":[],"class_list":["post-4624","post","type-post","status-publish","format-image","has-post-thumbnail","hentry","category-talleres-cultura","category-ultimas-noticias","post_format-post-format-image"],"_links":{"self":[{"href":"https:\/\/cultura.sma.gob.ar\/index.php?rest_route=\/wp\/v2\/posts\/4624","targetHints":{"allow":["GET"]}}],"collection":[{"href":"https:\/\/cultura.sma.gob.ar\/index.php?rest_route=\/wp\/v2\/posts"}],"about":[{"href":"https:\/\/cultura.sma.gob.ar\/index.php?rest_route=\/wp\/v2\/types\/post"}],"author":[{"embeddable":true,"href":"https:\/\/cultura.sma.gob.ar\/index.php?rest_route=\/wp\/v2\/users\/1"}],"replies":[{"embeddable":true,"href":"https:\/\/cultura.sma.gob.ar\/index.php?rest_route=%2Fwp%2Fv2%2Fcomments&post=4624"}],"version-history":[{"count":2,"href":"https:\/\/cultura.sma.gob.ar\/index.php?rest_route=\/wp\/v2\/posts\/4624\/revisions"}],"predecessor-version":[{"id":4632,"href":"https:\/\/cultura.sma.gob.ar\/index.php?rest_route=\/wp\/v2\/posts\/4624\/revisions\/4632"}],"wp:featuredmedia":[{"embeddable":true,"href":"https:\/\/cultura.sma.gob.ar\/index.php?rest_route=\/wp\/v2\/media\/293"}],"wp:attachment":[{"href":"https:\/\/cultura.sma.gob.ar\/index.php?rest_route=%2Fwp%2Fv2%2Fmedia&parent=4624"}],"wp:term":[{"taxonomy":"category","embeddable":true,"href":"https:\/\/cultura.sma.gob.ar\/index.php?rest_route=%2Fwp%2Fv2%2Fcategories&post=4624"},{"taxonomy":"post_tag","embeddable":true,"href":"https:\/\/cultura.sma.gob.ar\/index.php?rest_route=%2Fwp%2Fv2%2Ftags&post=4624"}],"curies":[{"name":"wp","href":"https:\/\/api.w.org\/{rel}","templated":true}]}}