{"id":4618,"date":"2023-04-06T19:37:43","date_gmt":"2023-04-06T22:37:43","guid":{"rendered":"http:\/\/cultura.sma.gob.ar\/?p=4618"},"modified":"2023-04-06T19:37:43","modified_gmt":"2023-04-06T22:37:43","slug":"estacion-cultural-vega-centro-3","status":"publish","type":"post","link":"https:\/\/cultura.sma.gob.ar\/?p=4618","title":{"rendered":"ESTACI\u00d3N CULTURAL VEGA CENTRO"},"content":{"rendered":"\n<figure class=\"wp-block-image size-large\"><img loading=\"lazy\" decoding=\"async\" width=\"820\" height=\"1024\" src=\"http:\/\/cultura.sma.gob.ar\/wp-content\/uploads\/2023\/04\/WhatsApp-Image-2023-04-06-at-09.23.34-1-820x1024.jpeg\" alt=\"\" class=\"wp-image-4619\" srcset=\"https:\/\/cultura.sma.gob.ar\/wp-content\/uploads\/2023\/04\/WhatsApp-Image-2023-04-06-at-09.23.34-1-820x1024.jpeg 820w, https:\/\/cultura.sma.gob.ar\/wp-content\/uploads\/2023\/04\/WhatsApp-Image-2023-04-06-at-09.23.34-1-240x300.jpeg 240w, https:\/\/cultura.sma.gob.ar\/wp-content\/uploads\/2023\/04\/WhatsApp-Image-2023-04-06-at-09.23.34-1-768x959.jpeg 768w, https:\/\/cultura.sma.gob.ar\/wp-content\/uploads\/2023\/04\/WhatsApp-Image-2023-04-06-at-09.23.34-1-72x90.jpeg 72w, https:\/\/cultura.sma.gob.ar\/wp-content\/uploads\/2023\/04\/WhatsApp-Image-2023-04-06-at-09.23.34-1.jpeg 1081w\" sizes=\"auto, (max-width: 820px) 100vw, 820px\" \/><\/figure>\n\n\n\n<p><strong>TALLERES GRATUITOS PARA TODAS LAS EDADES EN LA DELEGACI\u00d3N MUNICIPAL DE VEGA CENTRO (calle Santa Fe 447)<\/strong><\/p>\n\n\n\n<p><strong>LUNES<\/strong><\/p>\n\n\n\n<ul class=\"wp-block-list\"><li>Reciclado y pintura decorativa<\/li><\/ul>\n\n\n\n<p>-16 a 17:30 hs.<\/p>\n\n\n\n<p>-Para j\u00f3venes y adultos<\/p>\n\n\n\n<ul class=\"wp-block-list\"><li>Porcelana fr\u00eda<\/li><\/ul>\n\n\n\n<p>-18 a 19:30 hs.<\/p>\n\n\n\n<p>-Para ni\u00f1os\/as<\/p>\n\n\n\n<p><strong>MI\u00c9RCOLES<\/strong><\/p>\n\n\n\n<ul class=\"wp-block-list\"><li>Artes pl\u00e1sticas<\/li><\/ul>\n\n\n\n<p>-16 a 17:30 hs.<\/p>\n\n\n\n<p>-Para ni\u00f1os\/as<\/p>\n\n\n\n<ul class=\"wp-block-list\"><li>Ajedrez<\/li><\/ul>\n\n\n\n<p>-18 a 19:30 hs.<\/p>\n\n\n\n<p>-Para todas las edades<\/p>\n\n\n\n<p><strong>VIERNES<\/strong><\/p>\n\n\n\n<ul class=\"wp-block-list\"><li>Cartapesta<\/li><\/ul>\n\n\n\n<p>-16 a 17:30 hs.<\/p>\n\n\n\n<p>-Para j\u00f3venes y adultos<\/p>\n\n\n\n<ul class=\"wp-block-list\"><li>Cartapesta<\/li><\/ul>\n\n\n\n<p>-18 a 19:30 hs.<\/p>\n\n\n\n<p>-Para ni\u00f1os\/as<\/p>\n\n\n\n<ul class=\"wp-block-list\"><li>Salsa y bachata<\/li><\/ul>\n\n\n\n<p>-20 a 21:30 hs. <\/p>\n\n\n\n<p>-Para j\u00f3venes y adultos<\/p>\n","protected":false},"excerpt":{"rendered":"<p>TALLERES GRATUITOS PARA TODAS LAS EDADES EN LA DELEGACI\u00d3N MUNICIPAL DE VEGA CENTRO (calle Santa Fe 447) LUNES Reciclado y pintura decorativa -16 a 17:30 hs. -Para j\u00f3venes y adultos Porcelana fr\u00eda -18 a 19:30 hs. -Para ni\u00f1os\/as MI\u00c9RCOLES Artes pl\u00e1sticas -16 a 17:30 hs. -Para ni\u00f1os\/as Ajedrez -18 a 19:30 hs. -Para todas las edades VIERNES Cartapesta -16 a 17:30 hs. -Para j\u00f3venes y &hellip; <a href=\"https:\/\/cultura.sma.gob.ar\/?p=4618\" class=\"more-link\">Continue reading <span class=\"screen-reader-text\">ESTACI\u00d3N CULTURAL VEGA CENTRO<\/span><\/a><\/p>\n","protected":false},"author":1,"featured_media":293,"comment_status":"closed","ping_status":"","sticky":false,"template":"","format":"image","meta":{"footnotes":""},"categories":[7,9],"tags":[],"class_list":["post-4618","post","type-post","status-publish","format-image","has-post-thumbnail","hentry","category-talleres-cultura","category-ultimas-noticias","post_format-post-format-image"],"_links":{"self":[{"href":"https:\/\/cultura.sma.gob.ar\/index.php?rest_route=\/wp\/v2\/posts\/4618","targetHints":{"allow":["GET"]}}],"collection":[{"href":"https:\/\/cultura.sma.gob.ar\/index.php?rest_route=\/wp\/v2\/posts"}],"about":[{"href":"https:\/\/cultura.sma.gob.ar\/index.php?rest_route=\/wp\/v2\/types\/post"}],"author":[{"embeddable":true,"href":"https:\/\/cultura.sma.gob.ar\/index.php?rest_route=\/wp\/v2\/users\/1"}],"replies":[{"embeddable":true,"href":"https:\/\/cultura.sma.gob.ar\/index.php?rest_route=%2Fwp%2Fv2%2Fcomments&post=4618"}],"version-history":[{"count":1,"href":"https:\/\/cultura.sma.gob.ar\/index.php?rest_route=\/wp\/v2\/posts\/4618\/revisions"}],"predecessor-version":[{"id":4620,"href":"https:\/\/cultura.sma.gob.ar\/index.php?rest_route=\/wp\/v2\/posts\/4618\/revisions\/4620"}],"wp:featuredmedia":[{"embeddable":true,"href":"https:\/\/cultura.sma.gob.ar\/index.php?rest_route=\/wp\/v2\/media\/293"}],"wp:attachment":[{"href":"https:\/\/cultura.sma.gob.ar\/index.php?rest_route=%2Fwp%2Fv2%2Fmedia&parent=4618"}],"wp:term":[{"taxonomy":"category","embeddable":true,"href":"https:\/\/cultura.sma.gob.ar\/index.php?rest_route=%2Fwp%2Fv2%2Fcategories&post=4618"},{"taxonomy":"post_tag","embeddable":true,"href":"https:\/\/cultura.sma.gob.ar\/index.php?rest_route=%2Fwp%2Fv2%2Ftags&post=4618"}],"curies":[{"name":"wp","href":"https:\/\/api.w.org\/{rel}","templated":true}]}}