{"id":4615,"date":"2023-04-06T19:34:51","date_gmt":"2023-04-06T22:34:51","guid":{"rendered":"http:\/\/cultura.sma.gob.ar\/?p=4615"},"modified":"2023-04-06T19:34:51","modified_gmt":"2023-04-06T22:34:51","slug":"estacion-cultural-de-el-arenal","status":"publish","type":"post","link":"https:\/\/cultura.sma.gob.ar\/?p=4615","title":{"rendered":"ESTACI\u00d3N CULTURAL DE EL ARENAL"},"content":{"rendered":"\n<figure class=\"wp-block-image size-large\"><img loading=\"lazy\" decoding=\"async\" width=\"820\" height=\"1024\" src=\"http:\/\/cultura.sma.gob.ar\/wp-content\/uploads\/2023\/04\/WhatsApp-Image-2023-04-06-at-09.24.28-820x1024.jpeg\" alt=\"\" class=\"wp-image-4616\" srcset=\"https:\/\/cultura.sma.gob.ar\/wp-content\/uploads\/2023\/04\/WhatsApp-Image-2023-04-06-at-09.24.28-820x1024.jpeg 820w, https:\/\/cultura.sma.gob.ar\/wp-content\/uploads\/2023\/04\/WhatsApp-Image-2023-04-06-at-09.24.28-240x300.jpeg 240w, https:\/\/cultura.sma.gob.ar\/wp-content\/uploads\/2023\/04\/WhatsApp-Image-2023-04-06-at-09.24.28-768x959.jpeg 768w, https:\/\/cultura.sma.gob.ar\/wp-content\/uploads\/2023\/04\/WhatsApp-Image-2023-04-06-at-09.24.28-72x90.jpeg 72w, https:\/\/cultura.sma.gob.ar\/wp-content\/uploads\/2023\/04\/WhatsApp-Image-2023-04-06-at-09.24.28.jpeg 1081w\" sizes=\"auto, (max-width: 820px) 100vw, 820px\" \/><\/figure>\n\n\n\n<p><strong>TALLERES GRATUITOS PARA TODAS LAS EDADES EN LA DELEGACI\u00d3N MUNICIPAL DEL ARENAL<\/strong> (Calle Los Saucos al 100)<\/p>\n\n\n\n<p>INSCRIBITE A TRAV\u00c9S DE WHATSAPP AL 2944212937 O POR MAIL A tallerescultura.sma@gmail.com<\/p>\n\n\n\n<p><strong>VIERNES<\/strong><\/p>\n\n\n\n<ul class=\"wp-block-list\"><li>Reciclado y pintura decorativa.<\/li><\/ul>\n\n\n\n<p>-16 a 17:30 hs.<\/p>\n\n\n\n<p>-Para j\u00f3venes y adultos<\/p>\n\n\n\n<ul class=\"wp-block-list\"><li>Porcelana Fr\u00eda<\/li><\/ul>\n\n\n\n<p>-18 a 19:30 hs.<\/p>\n\n\n\n<p>-Para ni\u00f1os\/as<\/p>\n\n\n\n<ul class=\"wp-block-list\"><li>Tango<\/li><\/ul>\n\n\n\n<p>-20 a 21:30 hs.<\/p>\n\n\n\n<p>-Para j\u00f3venes y adultos<\/p>\n\n\n\n<p><strong>S\u00c1BADO<\/strong><\/p>\n\n\n\n<ul class=\"wp-block-list\"><li>Cartapesta<\/li><\/ul>\n\n\n\n<p>&#8211; 16 a 17:30 hs.<\/p>\n\n\n\n<p>-Para j\u00f3venes y adultos<\/p>\n\n\n\n<ul class=\"wp-block-list\"><li>Folclore<\/li><\/ul>\n\n\n\n<p>-18 a 19:30 hs.<\/p>\n\n\n\n<p>-Para ni\u00f1os\/as<\/p>\n\n\n\n<ul class=\"wp-block-list\"><li><strong>Folclore<\/strong><\/li><\/ul>\n\n\n\n<p>-20 a 21:30 hs.<\/p>\n\n\n\n<p>-J\u00f3venes y adultos.<\/p>\n","protected":false},"excerpt":{"rendered":"<p>TALLERES GRATUITOS PARA TODAS LAS EDADES EN LA DELEGACI\u00d3N MUNICIPAL DEL ARENAL (Calle Los Saucos al 100) INSCRIBITE A TRAV\u00c9S DE WHATSAPP AL 2944212937 O POR MAIL A tallerescultura.sma@gmail.com VIERNES Reciclado y pintura decorativa. -16 a 17:30 hs. -Para j\u00f3venes y adultos Porcelana Fr\u00eda -18 a 19:30 hs. -Para ni\u00f1os\/as Tango -20 a 21:30 hs. -Para j\u00f3venes y adultos S\u00c1BADO Cartapesta &#8211; 16 a 17:30 &hellip; <a href=\"https:\/\/cultura.sma.gob.ar\/?p=4615\" class=\"more-link\">Continue reading <span class=\"screen-reader-text\">ESTACI\u00d3N CULTURAL DE EL ARENAL<\/span><\/a><\/p>\n","protected":false},"author":1,"featured_media":293,"comment_status":"closed","ping_status":"","sticky":false,"template":"","format":"image","meta":{"footnotes":""},"categories":[7,9],"tags":[],"class_list":["post-4615","post","type-post","status-publish","format-image","has-post-thumbnail","hentry","category-talleres-cultura","category-ultimas-noticias","post_format-post-format-image"],"_links":{"self":[{"href":"https:\/\/cultura.sma.gob.ar\/index.php?rest_route=\/wp\/v2\/posts\/4615","targetHints":{"allow":["GET"]}}],"collection":[{"href":"https:\/\/cultura.sma.gob.ar\/index.php?rest_route=\/wp\/v2\/posts"}],"about":[{"href":"https:\/\/cultura.sma.gob.ar\/index.php?rest_route=\/wp\/v2\/types\/post"}],"author":[{"embeddable":true,"href":"https:\/\/cultura.sma.gob.ar\/index.php?rest_route=\/wp\/v2\/users\/1"}],"replies":[{"embeddable":true,"href":"https:\/\/cultura.sma.gob.ar\/index.php?rest_route=%2Fwp%2Fv2%2Fcomments&post=4615"}],"version-history":[{"count":1,"href":"https:\/\/cultura.sma.gob.ar\/index.php?rest_route=\/wp\/v2\/posts\/4615\/revisions"}],"predecessor-version":[{"id":4617,"href":"https:\/\/cultura.sma.gob.ar\/index.php?rest_route=\/wp\/v2\/posts\/4615\/revisions\/4617"}],"wp:featuredmedia":[{"embeddable":true,"href":"https:\/\/cultura.sma.gob.ar\/index.php?rest_route=\/wp\/v2\/media\/293"}],"wp:attachment":[{"href":"https:\/\/cultura.sma.gob.ar\/index.php?rest_route=%2Fwp%2Fv2%2Fmedia&parent=4615"}],"wp:term":[{"taxonomy":"category","embeddable":true,"href":"https:\/\/cultura.sma.gob.ar\/index.php?rest_route=%2Fwp%2Fv2%2Fcategories&post=4615"},{"taxonomy":"post_tag","embeddable":true,"href":"https:\/\/cultura.sma.gob.ar\/index.php?rest_route=%2Fwp%2Fv2%2Ftags&post=4615"}],"curies":[{"name":"wp","href":"https:\/\/api.w.org\/{rel}","templated":true}]}}