{"id":4597,"date":"2023-03-30T11:40:43","date_gmt":"2023-03-30T14:40:43","guid":{"rendered":"http:\/\/cultura.sma.gob.ar\/?p=4597"},"modified":"2023-03-30T11:41:51","modified_gmt":"2023-03-30T14:41:51","slug":"laa-otra-piel-de-gisellei-en-la-sala-amankay","status":"publish","type":"post","link":"https:\/\/cultura.sma.gob.ar\/?p=4597","title":{"rendered":"&#8220;La otra piel de GiselleI&#8221;, en la Sala Amankay"},"content":{"rendered":"\n\n\n<p>El pr\u00f3ximo s\u00e1bado, 22 de abril a las 20hs, en nuestra querida Sala Amankay, Paradise Ballet presenta \u201cLA OTRA PIEL DE GISELLE\u201d, imperdible reversi\u00f3n del cl\u00e1sico del Ballet, \u201cGiselle\u201d&nbsp;<\/p>\n\n\n\n<p>\u201cEn esta historia se respeta al igual que en la historia original que&nbsp;cuenta sobre una joven simple, bella y de delicada salud que se enamora de Albrecht, un noble ya comprometido a matrimonio que, para conquistarla, se hace pasar por aldeano.&nbsp;<\/p>\n\n\n\n<p>Hilari\u00f3n, amiga desde siempre de Giselle, intentar\u00e1 separarla de Albretch ya que tambi\u00e9n se siente atra\u00edda por el nuevo visitante.&nbsp;<\/p>\n\n\n\n<p>Hilaron descubre el enga\u00f1o de Albretch y al no ser correspondida, lo desenmascara frente a Giselle de la peor manera, provoc\u00e1ndole a su amiga la muerte.&nbsp;<\/p>\n\n\n\n<p>Paradise intensifica el segundo acto que ocurre en el bosque, donde est\u00e1 la tumba de Giselle.&nbsp;<\/p>\n\n\n\n<p>En este bosque se internan las Willis, un grupo de m\u00edsticos esp\u00edritus nocturnos que fueron asesinadas por sus amores, lo cual las lleva a su sed de venganza de hacer bailar hasta morir a qui\u00e9n frecuente este sombr\u00edo bosque.&nbsp;<\/p>\n\n\n\n<p>Esta historia, dista de la original Giselle en la que la pasi\u00f3n, y el perd\u00f3n son el lema principal, Paradise Ballet presenta una Giselle que no perdona y que defender\u00e1 en su piel a sus fieles compa\u00f1eras que han sido asesinadas en el pasado.\u201d&nbsp;<\/p>\n\n\n\n<p>La puesta se llevar\u00e1 adelante con 11 bailarines en escena.&nbsp;&nbsp;<\/p>\n\n\n\n<p>Bel\u00e9n Alcar\u00e1z en el rol de Giselle&nbsp;<\/p>\n\n\n\n<p>Martina Perez Curruhinca en el rol de Hilar\u00f3n&nbsp;<\/p>\n\n\n\n<p>Alex Meza en el rol de Albretch&nbsp;<\/p>\n\n\n\n<p>Jazmin Suarez en el rol de Myrtha.&nbsp;<\/p>\n\n\n\n<p>En escena tambi\u00e9n:Pilar Alucin, Antonella Minnard, Zoe Vasallo, Ornella Traballoni, Malena Calveiras, Maite Escobal y Victoria Simari&nbsp;<\/p>\n\n\n\n<p>En Idea y coreograf\u00eda Natalia Lamberti&nbsp;&nbsp;<\/p>\n\n\n\n<p>Vestuarios y estilismo: Natalia Lamberti&nbsp;<\/p>\n\n\n\n<p>Coreograf\u00eda cl\u00e1sica: Cecilia Rojas.&nbsp;<\/p>\n\n\n\n<p>Y un gran montaje escenogr\u00e1fico a cargo del arquitecto Caco Fern\u00e1ndez y Juan Cruz del Cerro.&nbsp;<\/p>\n\n\n\n<p>Entrada anticipada (Hasta el 20\/04) $800.-<br>El mismo d\u00eda $1.200.-&nbsp;<\/p>\n\n\n\n<p>En venta en la Boleteria del Centro Cultural&nbsp;<\/p>\n","protected":false},"excerpt":{"rendered":"<p>El pr\u00f3ximo s\u00e1bado, 22 de abril a las 20hs, en nuestra querida Sala Amankay, Paradise Ballet presenta \u201cLA OTRA PIEL DE GISELLE\u201d, imperdible reversi\u00f3n del cl\u00e1sico del Ballet, \u201cGiselle\u201d&nbsp; \u201cEn esta historia se respeta al igual que en la historia original que&nbsp;cuenta sobre una joven simple, bella y de delicada salud que se enamora de Albrecht, un noble ya comprometido a matrimonio que, para conquistarla, &hellip; <a href=\"https:\/\/cultura.sma.gob.ar\/?p=4597\" class=\"more-link\">Continue reading <span class=\"screen-reader-text\">&#8220;La otra piel de GiselleI&#8221;, en la Sala Amankay<\/span><\/a><\/p>\n","protected":false},"author":1,"featured_media":297,"comment_status":"closed","ping_status":"","sticky":false,"template":"","format":"image","meta":{"footnotes":""},"categories":[2,9],"tags":[],"class_list":["post-4597","post","type-post","status-publish","format-image","has-post-thumbnail","hentry","category-ciudad-cultural","category-ultimas-noticias","post_format-post-format-image"],"_links":{"self":[{"href":"https:\/\/cultura.sma.gob.ar\/index.php?rest_route=\/wp\/v2\/posts\/4597","targetHints":{"allow":["GET"]}}],"collection":[{"href":"https:\/\/cultura.sma.gob.ar\/index.php?rest_route=\/wp\/v2\/posts"}],"about":[{"href":"https:\/\/cultura.sma.gob.ar\/index.php?rest_route=\/wp\/v2\/types\/post"}],"author":[{"embeddable":true,"href":"https:\/\/cultura.sma.gob.ar\/index.php?rest_route=\/wp\/v2\/users\/1"}],"replies":[{"embeddable":true,"href":"https:\/\/cultura.sma.gob.ar\/index.php?rest_route=%2Fwp%2Fv2%2Fcomments&post=4597"}],"version-history":[{"count":2,"href":"https:\/\/cultura.sma.gob.ar\/index.php?rest_route=\/wp\/v2\/posts\/4597\/revisions"}],"predecessor-version":[{"id":4600,"href":"https:\/\/cultura.sma.gob.ar\/index.php?rest_route=\/wp\/v2\/posts\/4597\/revisions\/4600"}],"wp:featuredmedia":[{"embeddable":true,"href":"https:\/\/cultura.sma.gob.ar\/index.php?rest_route=\/wp\/v2\/media\/297"}],"wp:attachment":[{"href":"https:\/\/cultura.sma.gob.ar\/index.php?rest_route=%2Fwp%2Fv2%2Fmedia&parent=4597"}],"wp:term":[{"taxonomy":"category","embeddable":true,"href":"https:\/\/cultura.sma.gob.ar\/index.php?rest_route=%2Fwp%2Fv2%2Fcategories&post=4597"},{"taxonomy":"post_tag","embeddable":true,"href":"https:\/\/cultura.sma.gob.ar\/index.php?rest_route=%2Fwp%2Fv2%2Ftags&post=4597"}],"curies":[{"name":"wp","href":"https:\/\/api.w.org\/{rel}","templated":true}]}}