{"id":4593,"date":"2023-03-27T19:49:31","date_gmt":"2023-03-27T22:49:31","guid":{"rendered":"http:\/\/cultura.sma.gob.ar\/?p=4593"},"modified":"2023-03-27T19:49:31","modified_gmt":"2023-03-27T22:49:31","slug":"gol-de-quien-en-el-marco-del-2-de-abril-dia-del-veterano-y-los-caidos-en-la-guerra-de-malvinas","status":"publish","type":"post","link":"https:\/\/cultura.sma.gob.ar\/?p=4593","title":{"rendered":"&#8221;\u00bfGol de qui\u00e9n?&#8221; en el marco del 2 de abril: D\u00eda del Veterano y los Ca\u00eddos en la Guerra de Malvinas"},"content":{"rendered":"\n<figure class=\"wp-block-image size-large\"><img loading=\"lazy\" decoding=\"async\" width=\"820\" height=\"1024\" src=\"http:\/\/cultura.sma.gob.ar\/wp-content\/uploads\/2023\/03\/Flyer-Gol-de-Quien_4x5-2-820x1024.jpg\" alt=\"\" class=\"wp-image-4594\" srcset=\"https:\/\/cultura.sma.gob.ar\/wp-content\/uploads\/2023\/03\/Flyer-Gol-de-Quien_4x5-2-820x1024.jpg 820w, https:\/\/cultura.sma.gob.ar\/wp-content\/uploads\/2023\/03\/Flyer-Gol-de-Quien_4x5-2-240x300.jpg 240w, https:\/\/cultura.sma.gob.ar\/wp-content\/uploads\/2023\/03\/Flyer-Gol-de-Quien_4x5-2-768x959.jpg 768w, https:\/\/cultura.sma.gob.ar\/wp-content\/uploads\/2023\/03\/Flyer-Gol-de-Quien_4x5-2-72x90.jpg 72w, https:\/\/cultura.sma.gob.ar\/wp-content\/uploads\/2023\/03\/Flyer-Gol-de-Quien_4x5-2.jpg 1081w\" sizes=\"auto, (max-width: 820px) 100vw, 820px\" \/><\/figure>\n\n\n\n<p>En el Marco del 2 de abril &#8221;Dia del Veterano y los Ca\u00eddos en la Guerra de Malvinas&#8221;, se presentar\u00e1 \u00bfGol de qui\u00e9n? en funciones gratuitas para estudiantes de colegios secundarios, y una funci\u00f3n para p\u00fablico en general con entrada a precio reducido.<\/p>\n\n\n\n<p><strong>\u00bfGol de Qui\u00e9n?<\/strong><strong>&nbsp;<\/strong>&nbsp;<\/p>\n\n\n\n<p>Es el 13 junio de 1982. El desorden, los cascos tirados y la oscuridad reinan en la trinchera. Adentro hay un sargento y dos soldados, de 18 y 19 a\u00f1os. Uno de ellos, intenta sintonizar en la radio el primer partido del Mundial de F\u00fatbol de Espa\u00f1a: Argentina, que cuenta con Maradona como titular por primera vez en una copa, est\u00e1 por enfrentar a B\u00e9lgica. Pero la radio s\u00f3lo arroja interferencias. De repente se escucha el relato de un gol pero no se logra escuchar de qu\u00e9 equipo es\u201d.\u00a0 El partido es s\u00f3lo el disparador para una obra compleja, que gira en torno a un sargento que cumple ordenes al extremo, aunque poco a poco va mostrando su lado humano. Por otro lado est\u00e1n los dos soldados, interpretados siempre por j\u00f3venes de la misma edad que los personajes.\u00a0\u00a0<\/p>\n\n\n\n<p>Presenta esta obra Compa\u00f1\u00eda\u00a0La Chalina, con direcci\u00f3n de Mariano Tenaglia.\u00a0\u00a0COn actuaci\u00f3n de \u00a0Mariano Tenaglia, Alexei Samek y Joaqu\u00edn Sanchez.\u00a0\u00a0La operaci\u00f3n t\u00e9cnica, los sonido y efectos estar\u00e1n a cargo de Albertina Matilla, Nacho Garc\u00eda y Camilo Dur\u00e1n.\u00a0\u00a0<\/p>\n\n\n\n<p><strong>VIERNES 31: FUNCIONES GRATUITAS PARA COLEGIOS SECUNDARIOS<\/strong>:\u00a0<\/p>\n\n\n\n<p>Los horarios de las funciones ser\u00e1n a las 10 y 15 hs en Centro Cultural Cotesma. Docentes y\/o directivos comunicarse a la Secretar\u00eda de Cultura 424-804, para reservas sus lugares.<\/p>\n\n\n\n<p><strong>DOMINGO 02 DE ABRIL: FUNCI\u00d3N PARA TODO P\u00daBLICO<\/strong>:<\/p>\n\n\n\n<p>La funci\u00f3n ser\u00e1 a las 21 hs, en el Centro Cultural Cotesma. Las entradas est\u00e1n disponibles en boleter\u00eda del Centro Cultural Cotesma\u00a0de martes a domingo de 16 a 22 hs. <\/p>\n\n\n\n<p>Valor de entrada $200.<\/p>\n","protected":false},"excerpt":{"rendered":"<p>En el Marco del 2 de abril &#8221;Dia del Veterano y los Ca\u00eddos en la Guerra de Malvinas&#8221;, se presentar\u00e1 \u00bfGol de qui\u00e9n? en funciones gratuitas para estudiantes de colegios secundarios, y una funci\u00f3n para p\u00fablico en general con entrada a precio reducido. \u00bfGol de Qui\u00e9n?&nbsp;&nbsp; Es el 13 junio de 1982. El desorden, los cascos tirados y la oscuridad reinan en la trinchera. Adentro &hellip; <a href=\"https:\/\/cultura.sma.gob.ar\/?p=4593\" class=\"more-link\">Continue reading <span class=\"screen-reader-text\">&#8221;\u00bfGol de qui\u00e9n?&#8221; en el marco del 2 de abril: D\u00eda del Veterano y los Ca\u00eddos en la Guerra de Malvinas<\/span><\/a><\/p>\n","protected":false},"author":1,"featured_media":292,"comment_status":"closed","ping_status":"","sticky":false,"template":"","format":"image","meta":{"footnotes":""},"categories":[8,9],"tags":[],"class_list":["post-4593","post","type-post","status-publish","format-image","has-post-thumbnail","hentry","category-teatro-san-jose","category-ultimas-noticias","post_format-post-format-image"],"_links":{"self":[{"href":"https:\/\/cultura.sma.gob.ar\/index.php?rest_route=\/wp\/v2\/posts\/4593","targetHints":{"allow":["GET"]}}],"collection":[{"href":"https:\/\/cultura.sma.gob.ar\/index.php?rest_route=\/wp\/v2\/posts"}],"about":[{"href":"https:\/\/cultura.sma.gob.ar\/index.php?rest_route=\/wp\/v2\/types\/post"}],"author":[{"embeddable":true,"href":"https:\/\/cultura.sma.gob.ar\/index.php?rest_route=\/wp\/v2\/users\/1"}],"replies":[{"embeddable":true,"href":"https:\/\/cultura.sma.gob.ar\/index.php?rest_route=%2Fwp%2Fv2%2Fcomments&post=4593"}],"version-history":[{"count":1,"href":"https:\/\/cultura.sma.gob.ar\/index.php?rest_route=\/wp\/v2\/posts\/4593\/revisions"}],"predecessor-version":[{"id":4595,"href":"https:\/\/cultura.sma.gob.ar\/index.php?rest_route=\/wp\/v2\/posts\/4593\/revisions\/4595"}],"wp:featuredmedia":[{"embeddable":true,"href":"https:\/\/cultura.sma.gob.ar\/index.php?rest_route=\/wp\/v2\/media\/292"}],"wp:attachment":[{"href":"https:\/\/cultura.sma.gob.ar\/index.php?rest_route=%2Fwp%2Fv2%2Fmedia&parent=4593"}],"wp:term":[{"taxonomy":"category","embeddable":true,"href":"https:\/\/cultura.sma.gob.ar\/index.php?rest_route=%2Fwp%2Fv2%2Fcategories&post=4593"},{"taxonomy":"post_tag","embeddable":true,"href":"https:\/\/cultura.sma.gob.ar\/index.php?rest_route=%2Fwp%2Fv2%2Ftags&post=4593"}],"curies":[{"name":"wp","href":"https:\/\/api.w.org\/{rel}","templated":true}]}}