{"id":4588,"date":"2023-03-26T21:15:22","date_gmt":"2023-03-27T00:15:22","guid":{"rendered":"http:\/\/cultura.sma.gob.ar\/?p=4588"},"modified":"2023-03-26T21:15:22","modified_gmt":"2023-03-27T00:15:22","slug":"gira-patagonica-de-fer-romero-2023-en-espacio-trama","status":"publish","type":"post","link":"https:\/\/cultura.sma.gob.ar\/?p=4588","title":{"rendered":"Gira Patag\u00f3nica de Fer Romero 2023 en Espacio Trama"},"content":{"rendered":"\n<figure class=\"wp-block-image size-large\"><img loading=\"lazy\" decoding=\"async\" width=\"1024\" height=\"1024\" src=\"http:\/\/cultura.sma.gob.ar\/wp-content\/uploads\/2023\/03\/Trama-cuadrado-1024x1024.jpeg\" alt=\"\" class=\"wp-image-4589\" srcset=\"https:\/\/cultura.sma.gob.ar\/wp-content\/uploads\/2023\/03\/Trama-cuadrado-1024x1024.jpeg 1024w, https:\/\/cultura.sma.gob.ar\/wp-content\/uploads\/2023\/03\/Trama-cuadrado-300x300.jpeg 300w, https:\/\/cultura.sma.gob.ar\/wp-content\/uploads\/2023\/03\/Trama-cuadrado-150x150.jpeg 150w, https:\/\/cultura.sma.gob.ar\/wp-content\/uploads\/2023\/03\/Trama-cuadrado-768x768.jpeg 768w, https:\/\/cultura.sma.gob.ar\/wp-content\/uploads\/2023\/03\/Trama-cuadrado-90x90.jpeg 90w, https:\/\/cultura.sma.gob.ar\/wp-content\/uploads\/2023\/03\/Trama-cuadrado.jpeg 1080w\" sizes=\"auto, (max-width: 1024px) 100vw, 1024px\" \/><\/figure>\n\n\n\n<p><strong>\u201cFer Romero \u2013 Gira Patag\u00f3nica 2023\u201d<\/strong><\/p>\n\n\n\n<p>&nbsp;<a><strong>Fer Romero<\/strong><\/a>,&nbsp;m\u00fasico, compositor, cantante y productor independiente, se presentar\u00e1 el pr\u00f3ximo&nbsp;<strong>viernes 31 de marzo 21:30hs<\/strong>, en el Espacio Cultural&nbsp;<strong>\u201cLa Neco<\/strong><strong>\u201d<\/strong>&nbsp;\u2013 Necochea 65, Jun\u00edn de los Andes &#8211;&nbsp;&nbsp;y el&nbsp;<strong>s\u00e1bado 01 de abril 21:30hs<\/strong>, en&nbsp;<strong>\u201cEspacio TRAMA<\/strong><strong>\u201d<\/strong>&nbsp;&#8211; Roca 310, San Mart\u00edn de los Andes- con su \u00faltimo trabajo discogr\u00e1fico \u201cRomer\u00edas\u201d que ha sido nominado a los Premios Gardel a la m\u00fasica 2023<strong>.<\/strong><\/p>\n\n\n\n<p><strong>\u201cFer Romero\u201d<\/strong>, es m\u00fasico, compositor, cantante y productor independiente; nacido en la ciudad de C\u00f3rdoba. Es un inquieto buscador de emociones a trav\u00e9s de sus canciones e interpretaciones. Con sus 42 a\u00f1os lleva 6 discos propios y editados.<\/p>\n\n\n\n<p>Presentando su \u00faltimo trabajo discogr\u00e1fico titulado \u201cRomer\u00edas\u201d, editado en 2022, se posiciona como nuevo referente de la canci\u00f3n alternativa de ra\u00edz; due\u00f1o de una&nbsp;<em>\u201cfina calidad interpretativa<\/em>\u201d, como lo describe la prensa musical; emerge desde la m\u00fasica folcl\u00f3rica con composiciones que abarcan el g\u00e9nero m\u00e1s amplio de la canci\u00f3n latinoamericana.<\/p>\n\n\n\n<p>Como productor cosecha m\u00e1s de 15 discos, singles y EP\u00b4s producidos para otrxs artistas y bandas de diversos g\u00e9neros.&nbsp; &nbsp;&nbsp;<\/p>\n\n\n\n<p>En esta oportunidad, se suma como m\u00fasica invitada&nbsp;<strong>\u201cLa Ollesch\u201d.-<\/strong><\/p>\n\n\n\n<p>Entradas a la venta en:<\/p>\n\n\n\n<p>\u201cLa Neco Espacio Cultural\u201d. RESERVAS:&nbsp; 2944-136650<\/p>\n\n\n\n<p>\u201cEspacio TRAMA\u201d. ROCA 310 &#8211; RESERVAS:&nbsp; 02972-429979<\/p>\n","protected":false},"excerpt":{"rendered":"<p>\u201cFer Romero \u2013 Gira Patag\u00f3nica 2023\u201d &nbsp;Fer Romero,&nbsp;m\u00fasico, compositor, cantante y productor independiente, se presentar\u00e1 el pr\u00f3ximo&nbsp;viernes 31 de marzo 21:30hs, en el Espacio Cultural&nbsp;\u201cLa Neco\u201d&nbsp;\u2013 Necochea 65, Jun\u00edn de los Andes &#8211;&nbsp;&nbsp;y el&nbsp;s\u00e1bado 01 de abril 21:30hs, en&nbsp;\u201cEspacio TRAMA\u201d&nbsp;&#8211; Roca 310, San Mart\u00edn de los Andes- con su \u00faltimo trabajo discogr\u00e1fico \u201cRomer\u00edas\u201d que ha sido nominado a los Premios Gardel a la m\u00fasica 2023. &hellip; <a href=\"https:\/\/cultura.sma.gob.ar\/?p=4588\" class=\"more-link\">Continue reading <span class=\"screen-reader-text\">Gira Patag\u00f3nica de Fer Romero 2023 en Espacio Trama<\/span><\/a><\/p>\n","protected":false},"author":1,"featured_media":297,"comment_status":"closed","ping_status":"","sticky":false,"template":"","format":"image","meta":{"footnotes":""},"categories":[2,9],"tags":[],"class_list":["post-4588","post","type-post","status-publish","format-image","has-post-thumbnail","hentry","category-ciudad-cultural","category-ultimas-noticias","post_format-post-format-image"],"_links":{"self":[{"href":"https:\/\/cultura.sma.gob.ar\/index.php?rest_route=\/wp\/v2\/posts\/4588","targetHints":{"allow":["GET"]}}],"collection":[{"href":"https:\/\/cultura.sma.gob.ar\/index.php?rest_route=\/wp\/v2\/posts"}],"about":[{"href":"https:\/\/cultura.sma.gob.ar\/index.php?rest_route=\/wp\/v2\/types\/post"}],"author":[{"embeddable":true,"href":"https:\/\/cultura.sma.gob.ar\/index.php?rest_route=\/wp\/v2\/users\/1"}],"replies":[{"embeddable":true,"href":"https:\/\/cultura.sma.gob.ar\/index.php?rest_route=%2Fwp%2Fv2%2Fcomments&post=4588"}],"version-history":[{"count":1,"href":"https:\/\/cultura.sma.gob.ar\/index.php?rest_route=\/wp\/v2\/posts\/4588\/revisions"}],"predecessor-version":[{"id":4590,"href":"https:\/\/cultura.sma.gob.ar\/index.php?rest_route=\/wp\/v2\/posts\/4588\/revisions\/4590"}],"wp:featuredmedia":[{"embeddable":true,"href":"https:\/\/cultura.sma.gob.ar\/index.php?rest_route=\/wp\/v2\/media\/297"}],"wp:attachment":[{"href":"https:\/\/cultura.sma.gob.ar\/index.php?rest_route=%2Fwp%2Fv2%2Fmedia&parent=4588"}],"wp:term":[{"taxonomy":"category","embeddable":true,"href":"https:\/\/cultura.sma.gob.ar\/index.php?rest_route=%2Fwp%2Fv2%2Fcategories&post=4588"},{"taxonomy":"post_tag","embeddable":true,"href":"https:\/\/cultura.sma.gob.ar\/index.php?rest_route=%2Fwp%2Fv2%2Ftags&post=4588"}],"curies":[{"name":"wp","href":"https:\/\/api.w.org\/{rel}","templated":true}]}}