{"id":4584,"date":"2023-03-26T21:12:40","date_gmt":"2023-03-27T00:12:40","guid":{"rendered":"http:\/\/cultura.sma.gob.ar\/?p=4584"},"modified":"2023-03-26T21:12:40","modified_gmt":"2023-03-27T00:12:40","slug":"funcion-apertura-de-7ma-temporada-doctor-zhivago","status":"publish","type":"post","link":"https:\/\/cultura.sma.gob.ar\/?p=4584","title":{"rendered":"Funci\u00f3n apertura de 7ma temporada: &#8221;Doctor Zhivago&#8221;"},"content":{"rendered":"\n<figure class=\"wp-block-image size-large\"><img loading=\"lazy\" decoding=\"async\" width=\"172\" height=\"216\" src=\"http:\/\/cultura.sma.gob.ar\/wp-content\/uploads\/2023\/03\/image003.jpg\" alt=\"\" class=\"wp-image-4585\" srcset=\"https:\/\/cultura.sma.gob.ar\/wp-content\/uploads\/2023\/03\/image003.jpg 172w, https:\/\/cultura.sma.gob.ar\/wp-content\/uploads\/2023\/03\/image003-72x90.jpg 72w\" sizes=\"auto, (max-width: 172px) 100vw, 172px\" \/><\/figure>\n\n\n\n<p><strong><u>FUNCI\u00d3N REAPERTURA 7ma. TEMPORADA \u2013 A\u00d1O 2023<\/u><\/strong>&nbsp;<strong><u>\u2013 CICLO N\u00b0 37<br><\/u><\/strong>Ciclo de Cine a beneficio del Rotary Club de San Mart\u00edn de los Andes &nbsp;\u2013 Mi\u00e9rcoles 5 de Abril &nbsp;20.15 hs \u2013 Sala \u201cAmankay\u201d<br><br>Organizaci\u00f3n y Presentaci\u00f3n: Guillermo Ianniello<br><br>Ciclo&nbsp;<strong><u>\u201cGRANDES PERSONAJES\u201d<br><\/u><\/strong>El Mi\u00e9rcoles 5 de ABRIL&nbsp;se proyectar\u00e1 el film:<\/p>\n\n\n\n<p><strong><u>\u201cDoctor&nbsp; Zhivago\u201d<\/u><\/strong>.&nbsp;(1965-Color).<br>Comienza una nueva temporada de los ciclos de cine de Cotesma, con varias y muy buenas novedades:&nbsp;&nbsp;<strong>Nos trasladamos a la Sala \u201cAmankay\u201d<\/strong>, con todo el avance t\u00e9cnico que representa y la mayor comodidad para ver pel\u00edculas en un \u00e1mbito ideal para ello. Pantalla gigante, sonido estereof\u00f3nico y c\u00f3modas butacas.<br><br>La Sala se abre a las 20.15 horas y la funci\u00f3n comienza&nbsp;puntualmente&nbsp;a las 20.30 horas.<br><br>Este a\u00f1o nuestros ciclos s\u00f3lo incluir\u00e1n pel\u00edculas premiadas en los m\u00e1s importantes festivales y grandes superproducciones de los m\u00e1s diversos g\u00e9neros. Adem\u00e1s, pasando a la Sala Amankay, el valor de las entradas ser\u00e1 de $500 general y $400 para jubilados.<br><br>Los esperamos para compartir esta nueva etapa que representa un muy importante paso adelante en esta experiencia cinematogr\u00e1fica&nbsp; \u00a1! &nbsp;&nbsp;<\/p>\n","protected":false},"excerpt":{"rendered":"<p>FUNCI\u00d3N REAPERTURA 7ma. TEMPORADA \u2013 A\u00d1O 2023&nbsp;\u2013 CICLO N\u00b0 37Ciclo de Cine a beneficio del Rotary Club de San Mart\u00edn de los Andes &nbsp;\u2013 Mi\u00e9rcoles 5 de Abril &nbsp;20.15 hs \u2013 Sala \u201cAmankay\u201d Organizaci\u00f3n y Presentaci\u00f3n: Guillermo Ianniello Ciclo&nbsp;\u201cGRANDES PERSONAJES\u201dEl Mi\u00e9rcoles 5 de ABRIL&nbsp;se proyectar\u00e1 el film: \u201cDoctor&nbsp; Zhivago\u201d.&nbsp;(1965-Color).Comienza una nueva temporada de los ciclos de cine de Cotesma, con varias y muy buenas novedades:&nbsp;&nbsp;Nos &hellip; <a href=\"https:\/\/cultura.sma.gob.ar\/?p=4584\" class=\"more-link\">Continue reading <span class=\"screen-reader-text\">Funci\u00f3n apertura de 7ma temporada: &#8221;Doctor Zhivago&#8221;<\/span><\/a><\/p>\n","protected":false},"author":1,"featured_media":297,"comment_status":"closed","ping_status":"","sticky":false,"template":"","format":"image","meta":{"footnotes":""},"categories":[2,9],"tags":[],"class_list":["post-4584","post","type-post","status-publish","format-image","has-post-thumbnail","hentry","category-ciudad-cultural","category-ultimas-noticias","post_format-post-format-image"],"_links":{"self":[{"href":"https:\/\/cultura.sma.gob.ar\/index.php?rest_route=\/wp\/v2\/posts\/4584","targetHints":{"allow":["GET"]}}],"collection":[{"href":"https:\/\/cultura.sma.gob.ar\/index.php?rest_route=\/wp\/v2\/posts"}],"about":[{"href":"https:\/\/cultura.sma.gob.ar\/index.php?rest_route=\/wp\/v2\/types\/post"}],"author":[{"embeddable":true,"href":"https:\/\/cultura.sma.gob.ar\/index.php?rest_route=\/wp\/v2\/users\/1"}],"replies":[{"embeddable":true,"href":"https:\/\/cultura.sma.gob.ar\/index.php?rest_route=%2Fwp%2Fv2%2Fcomments&post=4584"}],"version-history":[{"count":1,"href":"https:\/\/cultura.sma.gob.ar\/index.php?rest_route=\/wp\/v2\/posts\/4584\/revisions"}],"predecessor-version":[{"id":4586,"href":"https:\/\/cultura.sma.gob.ar\/index.php?rest_route=\/wp\/v2\/posts\/4584\/revisions\/4586"}],"wp:featuredmedia":[{"embeddable":true,"href":"https:\/\/cultura.sma.gob.ar\/index.php?rest_route=\/wp\/v2\/media\/297"}],"wp:attachment":[{"href":"https:\/\/cultura.sma.gob.ar\/index.php?rest_route=%2Fwp%2Fv2%2Fmedia&parent=4584"}],"wp:term":[{"taxonomy":"category","embeddable":true,"href":"https:\/\/cultura.sma.gob.ar\/index.php?rest_route=%2Fwp%2Fv2%2Fcategories&post=4584"},{"taxonomy":"post_tag","embeddable":true,"href":"https:\/\/cultura.sma.gob.ar\/index.php?rest_route=%2Fwp%2Fv2%2Ftags&post=4584"}],"curies":[{"name":"wp","href":"https:\/\/api.w.org\/{rel}","templated":true}]}}