{"id":4580,"date":"2023-03-26T21:09:31","date_gmt":"2023-03-27T00:09:31","guid":{"rendered":"http:\/\/cultura.sma.gob.ar\/?p=4580"},"modified":"2023-03-26T21:09:31","modified_gmt":"2023-03-27T00:09:31","slug":"disonando-en-la-sala-amankay","status":"publish","type":"post","link":"https:\/\/cultura.sma.gob.ar\/?p=4580","title":{"rendered":"&#8221;Disonando&#8221;, en  la Sala Amankay"},"content":{"rendered":"\n<figure class=\"wp-block-image size-large\"><img loading=\"lazy\" decoding=\"async\" width=\"1024\" height=\"1024\" src=\"http:\/\/cultura.sma.gob.ar\/wp-content\/uploads\/2023\/03\/Disonado-7-de-mayo-20hs-1024x1024.jpg\" alt=\"\" class=\"wp-image-4581\" srcset=\"https:\/\/cultura.sma.gob.ar\/wp-content\/uploads\/2023\/03\/Disonado-7-de-mayo-20hs-1024x1024.jpg 1024w, https:\/\/cultura.sma.gob.ar\/wp-content\/uploads\/2023\/03\/Disonado-7-de-mayo-20hs-300x300.jpg 300w, https:\/\/cultura.sma.gob.ar\/wp-content\/uploads\/2023\/03\/Disonado-7-de-mayo-20hs-150x150.jpg 150w, https:\/\/cultura.sma.gob.ar\/wp-content\/uploads\/2023\/03\/Disonado-7-de-mayo-20hs-768x768.jpg 768w, https:\/\/cultura.sma.gob.ar\/wp-content\/uploads\/2023\/03\/Disonado-7-de-mayo-20hs-90x90.jpg 90w, https:\/\/cultura.sma.gob.ar\/wp-content\/uploads\/2023\/03\/Disonado-7-de-mayo-20hs.jpg 1080w\" sizes=\"auto, (max-width: 1024px) 100vw, 1024px\" \/><\/figure>\n\n\n\n<p>El pr\u00f3ximo domingo 07 de mayo a las 20hs, en nuestra querida Sala Amankay, recibiremos la visita, desde la ciudad de Zapala, de \u201cDISONANDO\u201d.<\/p>\n\n\n\n<p>\u201cDisonando\u201d en Concierto, es una propuesta original para quienes gustan apreciar m\u00fasica con atenci\u00f3n. El formato concierto del grupo se basa en un repertorio de m\u00fasica instrumental compuesto por obras de autor\u00eda propia y otras de grandes compositores latinoamericanos, tales como Ra\u00fal Carnota, Jorge Fandermole. Astor Piazzolla, \u201cCuchi\u201d Leguizam\u00f3n, Daniel Maza, Ra\u00fal Di Blasio, entre otros.&nbsp;<\/p>\n\n\n\n<p>El grupo se forma en el a\u00f1o 2016 en la ciudad de Zapala. Actualmente se encuentra integrado por Ariel Carrizo en flauta traversa (SJ), Fernando Mor\u00e1n en charango, charang\u00f3n y cuatro venezolano (NQN), Alejandro Leliwa en segunda guitarra(CBA), Daniel S\u00e1nchez en bajo (NQN), Gabriel Elizondo en bater\u00eda y percusi\u00f3n (SJ), y Gast\u00f3n P\u00e9rez en primera guitarra y arreglos (NQN).<br>Han realizado presentaciones en auditorios, teatros y festivales provinciales y nacionales.<br>En 2021 se consagra ganador del Pre Cosqu\u00edn 2022 en el rubro conjunto instrumental en la sede de Choele Choel habilitando la posibilidad de tocar en el escenario \u201cAtahualpa&nbsp; Yupanqui\u201d de la Plaza Pr\u00f3spero Molina en la ciudad de Cosqu\u00edn.<br>En 2022, nuevamente ganador del Pre Cosqu\u00edn 2023 en el mismo rubro por la sede de Zapala. En Diciembre Disonando gana las semifinales pudiendo llegar a tocar el dia 18 de Enero del 2023 nuevamente en la plaza Prospero Molina, pero en car\u00e1cter de finalistas, compitiendo nota a nota con los que ser\u00edan los mejores conjuntos instrumentales del certamen m\u00e1s federal del pa\u00eds.<\/p>\n\n\n\n<p>En esta oportunidad, acompa\u00f1ar\u00e1n la presentaci\u00f3n Fernando Formigo y Fernanda Gazzari D\u00fao.<br>Entradas anticipadas $1.000.- El mismo d\u00eda $1.300.-<br>En venta en la boleteria del Centro Cultural<\/p>\n","protected":false},"excerpt":{"rendered":"<p>El pr\u00f3ximo domingo 07 de mayo a las 20hs, en nuestra querida Sala Amankay, recibiremos la visita, desde la ciudad de Zapala, de \u201cDISONANDO\u201d. \u201cDisonando\u201d en Concierto, es una propuesta original para quienes gustan apreciar m\u00fasica con atenci\u00f3n. El formato concierto del grupo se basa en un repertorio de m\u00fasica instrumental compuesto por obras de autor\u00eda propia y otras de grandes compositores latinoamericanos, tales como &hellip; <a href=\"https:\/\/cultura.sma.gob.ar\/?p=4580\" class=\"more-link\">Continue reading <span class=\"screen-reader-text\">&#8221;Disonando&#8221;, en  la Sala Amankay<\/span><\/a><\/p>\n","protected":false},"author":1,"featured_media":297,"comment_status":"closed","ping_status":"","sticky":false,"template":"","format":"image","meta":{"footnotes":""},"categories":[2,9],"tags":[],"class_list":["post-4580","post","type-post","status-publish","format-image","has-post-thumbnail","hentry","category-ciudad-cultural","category-ultimas-noticias","post_format-post-format-image"],"_links":{"self":[{"href":"https:\/\/cultura.sma.gob.ar\/index.php?rest_route=\/wp\/v2\/posts\/4580","targetHints":{"allow":["GET"]}}],"collection":[{"href":"https:\/\/cultura.sma.gob.ar\/index.php?rest_route=\/wp\/v2\/posts"}],"about":[{"href":"https:\/\/cultura.sma.gob.ar\/index.php?rest_route=\/wp\/v2\/types\/post"}],"author":[{"embeddable":true,"href":"https:\/\/cultura.sma.gob.ar\/index.php?rest_route=\/wp\/v2\/users\/1"}],"replies":[{"embeddable":true,"href":"https:\/\/cultura.sma.gob.ar\/index.php?rest_route=%2Fwp%2Fv2%2Fcomments&post=4580"}],"version-history":[{"count":1,"href":"https:\/\/cultura.sma.gob.ar\/index.php?rest_route=\/wp\/v2\/posts\/4580\/revisions"}],"predecessor-version":[{"id":4582,"href":"https:\/\/cultura.sma.gob.ar\/index.php?rest_route=\/wp\/v2\/posts\/4580\/revisions\/4582"}],"wp:featuredmedia":[{"embeddable":true,"href":"https:\/\/cultura.sma.gob.ar\/index.php?rest_route=\/wp\/v2\/media\/297"}],"wp:attachment":[{"href":"https:\/\/cultura.sma.gob.ar\/index.php?rest_route=%2Fwp%2Fv2%2Fmedia&parent=4580"}],"wp:term":[{"taxonomy":"category","embeddable":true,"href":"https:\/\/cultura.sma.gob.ar\/index.php?rest_route=%2Fwp%2Fv2%2Fcategories&post=4580"},{"taxonomy":"post_tag","embeddable":true,"href":"https:\/\/cultura.sma.gob.ar\/index.php?rest_route=%2Fwp%2Fv2%2Ftags&post=4580"}],"curies":[{"name":"wp","href":"https:\/\/api.w.org\/{rel}","templated":true}]}}