{"id":4568,"date":"2023-03-19T21:12:42","date_gmt":"2023-03-20T00:12:42","guid":{"rendered":"http:\/\/cultura.sma.gob.ar\/?p=4568"},"modified":"2023-03-19T21:12:42","modified_gmt":"2023-03-20T00:12:42","slug":"cine-a-la-vista-abre-la-convocatoria-para-su-9na-edicion","status":"publish","type":"post","link":"https:\/\/cultura.sma.gob.ar\/?p=4568","title":{"rendered":"Cine a la Vista abre la convocatoria para su 9na edici\u00f3n"},"content":{"rendered":"\n<figure class=\"wp-block-image size-large\"><img loading=\"lazy\" decoding=\"async\" width=\"1024\" height=\"1024\" src=\"http:\/\/cultura.sma.gob.ar\/wp-content\/uploads\/2023\/03\/Convocatoria_2C-1024x1024.jpg\" alt=\"\" class=\"wp-image-4569\" srcset=\"https:\/\/cultura.sma.gob.ar\/wp-content\/uploads\/2023\/03\/Convocatoria_2C-1024x1024.jpg 1024w, https:\/\/cultura.sma.gob.ar\/wp-content\/uploads\/2023\/03\/Convocatoria_2C-300x300.jpg 300w, https:\/\/cultura.sma.gob.ar\/wp-content\/uploads\/2023\/03\/Convocatoria_2C-150x150.jpg 150w, https:\/\/cultura.sma.gob.ar\/wp-content\/uploads\/2023\/03\/Convocatoria_2C-768x768.jpg 768w, https:\/\/cultura.sma.gob.ar\/wp-content\/uploads\/2023\/03\/Convocatoria_2C-1536x1536.jpg 1536w, https:\/\/cultura.sma.gob.ar\/wp-content\/uploads\/2023\/03\/Convocatoria_2C-2048x2048.jpg 2048w, https:\/\/cultura.sma.gob.ar\/wp-content\/uploads\/2023\/03\/Convocatoria_2C-90x90.jpg 90w\" sizes=\"auto, (max-width: 1024px) 100vw, 1024px\" \/><\/figure>\n\n\n\n<p>El\u00a0<strong>Festival Internacional de Cine para Adolescentes Cine a la Vista!<\/strong>, abre la convocatoria para inscribir pel\u00edculas a su 9na edici\u00f3n, que se realizar\u00e1 en San Mart\u00edn de los Andes entre el 11 y el 20 de septiembre de 2023.<\/p>\n\n\n\n<p><br>Este festival, cuenta con la particularidad de un jurado conformado exclusivamente por adolescentes de distintas provincias del pa\u00eds y de otros pa\u00edses de Sudam\u00e9rica, que llegan a la Patagonia para debatir y elegir las mejores producciones cinematogr\u00e1ficas.<\/p>\n\n\n\n<p>Resulta importante aclarar que, Cine a la Vista! no busca solamente pel\u00edculas con \u201ctem\u00e1tica adolescente\u201d, sino que pretende seleccionar diferentes narrativas y m\u00faltiples formas de contar: producciones audiovisuales que puedan conmover, hacer reflexionar, imaginar o cuestionar a adolescentes.<\/p>\n\n\n\n<p>La convocatoria est\u00e1 orientada a:<\/p>\n\n\n\n<ul class=\"wp-block-list\"><li>Largometrajes estrenados entre 2022 y 2023<\/li><li>Cortometrajes realizados por adolescentes.<\/li><\/ul>\n\n\n\n<p>Cine a la Vista es parte del circuito \u201cFestivales Nacionales del INCAA\u201d y conforma, tambi\u00e9n, la Red Argentina de Festivales y Muestras Audiovisuales (RAFMA) y la Red de Festivales Audiovisuales Patag\u00f3nicos (RED FAP). Es, adem\u00e1s, una excelente oportunidad para llegar al p\u00fablico general, tanto para quienes viven en San Mart\u00edn de los Andes como para quienes visitan esta regi\u00f3n de la Patagonia.<\/p>\n\n\n\n<p>Para consultar las bases y condiciones, ingres\u00e1 a&nbsp;<a href=\"https:\/\/correo.smandes.gov.ar\/owa\/redir.aspx?C=81958938f4274235b7a783c733d35e72&amp;URL=http%3a%2f%2fwww.cinealavista.com\" rel=\"noreferrer noopener\" target=\"_blank\">www.cinealavista.com<\/a>&nbsp;<\/p>\n\n\n\n<p>Fb\/festivalcinealavista<\/p>\n\n\n\n<p>Ig\/festivalcinealavista<br><strong>Fecha l\u00edmite para la convocatoria: 1ro de junio de 2023<\/strong><\/p>\n","protected":false},"excerpt":{"rendered":"<p>El\u00a0Festival Internacional de Cine para Adolescentes Cine a la Vista!, abre la convocatoria para inscribir pel\u00edculas a su 9na edici\u00f3n, que se realizar\u00e1 en San Mart\u00edn de los Andes entre el 11 y el 20 de septiembre de 2023. Este festival, cuenta con la particularidad de un jurado conformado exclusivamente por adolescentes de distintas provincias del pa\u00eds y de otros pa\u00edses de Sudam\u00e9rica, que llegan &hellip; <a href=\"https:\/\/cultura.sma.gob.ar\/?p=4568\" class=\"more-link\">Continue reading <span class=\"screen-reader-text\">Cine a la Vista abre la convocatoria para su 9na edici\u00f3n<\/span><\/a><\/p>\n","protected":false},"author":1,"featured_media":297,"comment_status":"closed","ping_status":"","sticky":false,"template":"","format":"image","meta":{"footnotes":""},"categories":[2,9],"tags":[],"class_list":["post-4568","post","type-post","status-publish","format-image","has-post-thumbnail","hentry","category-ciudad-cultural","category-ultimas-noticias","post_format-post-format-image"],"_links":{"self":[{"href":"https:\/\/cultura.sma.gob.ar\/index.php?rest_route=\/wp\/v2\/posts\/4568","targetHints":{"allow":["GET"]}}],"collection":[{"href":"https:\/\/cultura.sma.gob.ar\/index.php?rest_route=\/wp\/v2\/posts"}],"about":[{"href":"https:\/\/cultura.sma.gob.ar\/index.php?rest_route=\/wp\/v2\/types\/post"}],"author":[{"embeddable":true,"href":"https:\/\/cultura.sma.gob.ar\/index.php?rest_route=\/wp\/v2\/users\/1"}],"replies":[{"embeddable":true,"href":"https:\/\/cultura.sma.gob.ar\/index.php?rest_route=%2Fwp%2Fv2%2Fcomments&post=4568"}],"version-history":[{"count":1,"href":"https:\/\/cultura.sma.gob.ar\/index.php?rest_route=\/wp\/v2\/posts\/4568\/revisions"}],"predecessor-version":[{"id":4570,"href":"https:\/\/cultura.sma.gob.ar\/index.php?rest_route=\/wp\/v2\/posts\/4568\/revisions\/4570"}],"wp:featuredmedia":[{"embeddable":true,"href":"https:\/\/cultura.sma.gob.ar\/index.php?rest_route=\/wp\/v2\/media\/297"}],"wp:attachment":[{"href":"https:\/\/cultura.sma.gob.ar\/index.php?rest_route=%2Fwp%2Fv2%2Fmedia&parent=4568"}],"wp:term":[{"taxonomy":"category","embeddable":true,"href":"https:\/\/cultura.sma.gob.ar\/index.php?rest_route=%2Fwp%2Fv2%2Fcategories&post=4568"},{"taxonomy":"post_tag","embeddable":true,"href":"https:\/\/cultura.sma.gob.ar\/index.php?rest_route=%2Fwp%2Fv2%2Ftags&post=4568"}],"curies":[{"name":"wp","href":"https:\/\/api.w.org\/{rel}","templated":true}]}}