{"id":4555,"date":"2023-03-15T19:39:11","date_gmt":"2023-03-15T22:39:11","guid":{"rendered":"http:\/\/cultura.sma.gob.ar\/?p=4555"},"modified":"2023-03-15T19:39:11","modified_gmt":"2023-03-15T22:39:11","slug":"2o-encuentro-por-la-memoria-cabe-en-un-pez","status":"publish","type":"post","link":"https:\/\/cultura.sma.gob.ar\/?p=4555","title":{"rendered":"2\u00ba Encuentro por la Memoria: &#8220;Cabe en un pez&#8221;"},"content":{"rendered":"\n<figure class=\"wp-block-image size-large\"><img loading=\"lazy\" decoding=\"async\" width=\"820\" height=\"1024\" src=\"http:\/\/cultura.sma.gob.ar\/wp-content\/uploads\/2023\/03\/Cabe-en-un-Pez_Flyer_4x5-1-820x1024.jpg\" alt=\"\" class=\"wp-image-4556\" srcset=\"https:\/\/cultura.sma.gob.ar\/wp-content\/uploads\/2023\/03\/Cabe-en-un-Pez_Flyer_4x5-1-820x1024.jpg 820w, https:\/\/cultura.sma.gob.ar\/wp-content\/uploads\/2023\/03\/Cabe-en-un-Pez_Flyer_4x5-1-240x300.jpg 240w, https:\/\/cultura.sma.gob.ar\/wp-content\/uploads\/2023\/03\/Cabe-en-un-Pez_Flyer_4x5-1-768x959.jpg 768w, https:\/\/cultura.sma.gob.ar\/wp-content\/uploads\/2023\/03\/Cabe-en-un-Pez_Flyer_4x5-1-72x90.jpg 72w, https:\/\/cultura.sma.gob.ar\/wp-content\/uploads\/2023\/03\/Cabe-en-un-Pez_Flyer_4x5-1.jpg 1081w\" sizes=\"auto, (max-width: 820px) 100vw, 820px\" \/><\/figure>\n\n\n\n<p><strong>\u201cCabe en un Pez\u201d<\/strong>: <strong>Funci\u00f3n para todo p\u00fablico, viernes 24 de marzo. <\/strong><\/p>\n\n\n\n<p><strong> -21 hs, en el Centro Cultural Cotesma. <\/strong><\/p>\n\n\n\n<p>&#8211;<strong>Valor de entrada:  $200.\u00a0<\/strong><\/p>\n\n\n\n<p><strong>CABE EN UN PEZ&nbsp;<\/strong><\/p>\n\n\n\n<p>Calixto Cejas, un ex combatiente de Malvinas, habita el est\u00f3mago de un enorme cet\u00e1ceo desde hace 30 a\u00f1os, protege un secreto y un tesoro desde el hundimiento del buque Belgrano. Su h\u00e1bitat se altera con la llegada de Jorge Leguizam\u00f3n, un turista, que tambi\u00e9n ha sido engullido por el animal y a quien Calixto, confunde con un soldado brit\u00e1nico. Ambos deben convivir sujetos a la decisi\u00f3n de la ballena de expulsarlos. La memoria, la identidad, la guerra y el devenir de treinta a\u00f1os de historia argentina.&nbsp;<\/p>\n\n\n\n<p>Dramaturgia y direcci\u00f3n: Fernando Mancuso<strong>\u00a0<\/strong><\/p>\n\n\n\n<p>Las localidades ya se encuentran a la venta en boleter\u00eda del Centro Cultural Cotesma de martes a domingos de 16 a 22 hs.<\/p>\n","protected":false},"excerpt":{"rendered":"<p>\u201cCabe en un Pez\u201d: Funci\u00f3n para todo p\u00fablico, viernes 24 de marzo. -21 hs, en el Centro Cultural Cotesma. &#8211;Valor de entrada: $200.\u00a0 CABE EN UN PEZ&nbsp; Calixto Cejas, un ex combatiente de Malvinas, habita el est\u00f3mago de un enorme cet\u00e1ceo desde hace 30 a\u00f1os, protege un secreto y un tesoro desde el hundimiento del buque Belgrano. Su h\u00e1bitat se altera con la llegada de &hellip; <a href=\"https:\/\/cultura.sma.gob.ar\/?p=4555\" class=\"more-link\">Continue reading <span class=\"screen-reader-text\">2\u00ba Encuentro por la Memoria: &#8220;Cabe en un pez&#8221;<\/span><\/a><\/p>\n","protected":false},"author":1,"featured_media":292,"comment_status":"closed","ping_status":"","sticky":false,"template":"","format":"image","meta":{"footnotes":""},"categories":[8,9],"tags":[],"class_list":["post-4555","post","type-post","status-publish","format-image","has-post-thumbnail","hentry","category-teatro-san-jose","category-ultimas-noticias","post_format-post-format-image"],"_links":{"self":[{"href":"https:\/\/cultura.sma.gob.ar\/index.php?rest_route=\/wp\/v2\/posts\/4555","targetHints":{"allow":["GET"]}}],"collection":[{"href":"https:\/\/cultura.sma.gob.ar\/index.php?rest_route=\/wp\/v2\/posts"}],"about":[{"href":"https:\/\/cultura.sma.gob.ar\/index.php?rest_route=\/wp\/v2\/types\/post"}],"author":[{"embeddable":true,"href":"https:\/\/cultura.sma.gob.ar\/index.php?rest_route=\/wp\/v2\/users\/1"}],"replies":[{"embeddable":true,"href":"https:\/\/cultura.sma.gob.ar\/index.php?rest_route=%2Fwp%2Fv2%2Fcomments&post=4555"}],"version-history":[{"count":1,"href":"https:\/\/cultura.sma.gob.ar\/index.php?rest_route=\/wp\/v2\/posts\/4555\/revisions"}],"predecessor-version":[{"id":4557,"href":"https:\/\/cultura.sma.gob.ar\/index.php?rest_route=\/wp\/v2\/posts\/4555\/revisions\/4557"}],"wp:featuredmedia":[{"embeddable":true,"href":"https:\/\/cultura.sma.gob.ar\/index.php?rest_route=\/wp\/v2\/media\/292"}],"wp:attachment":[{"href":"https:\/\/cultura.sma.gob.ar\/index.php?rest_route=%2Fwp%2Fv2%2Fmedia&parent=4555"}],"wp:term":[{"taxonomy":"category","embeddable":true,"href":"https:\/\/cultura.sma.gob.ar\/index.php?rest_route=%2Fwp%2Fv2%2Fcategories&post=4555"},{"taxonomy":"post_tag","embeddable":true,"href":"https:\/\/cultura.sma.gob.ar\/index.php?rest_route=%2Fwp%2Fv2%2Ftags&post=4555"}],"curies":[{"name":"wp","href":"https:\/\/api.w.org\/{rel}","templated":true}]}}