{"id":4552,"date":"2023-03-15T19:20:57","date_gmt":"2023-03-15T22:20:57","guid":{"rendered":"http:\/\/cultura.sma.gob.ar\/?p=4552"},"modified":"2023-03-15T19:20:57","modified_gmt":"2023-03-15T22:20:57","slug":"llega-el-2-encuentro-por-la-memoria","status":"publish","type":"post","link":"https:\/\/cultura.sma.gob.ar\/?p=4552","title":{"rendered":"Llega el 2\u00b0 Encuentro por la Memoria"},"content":{"rendered":"\n<figure class=\"wp-block-image size-large\"><img loading=\"lazy\" decoding=\"async\" width=\"820\" height=\"1024\" src=\"http:\/\/cultura.sma.gob.ar\/wp-content\/uploads\/2023\/03\/Memoria_Flyer_4x5-820x1024.jpg\" alt=\"\" class=\"wp-image-4553\" srcset=\"https:\/\/cultura.sma.gob.ar\/wp-content\/uploads\/2023\/03\/Memoria_Flyer_4x5-820x1024.jpg 820w, https:\/\/cultura.sma.gob.ar\/wp-content\/uploads\/2023\/03\/Memoria_Flyer_4x5-240x300.jpg 240w, https:\/\/cultura.sma.gob.ar\/wp-content\/uploads\/2023\/03\/Memoria_Flyer_4x5-768x959.jpg 768w, https:\/\/cultura.sma.gob.ar\/wp-content\/uploads\/2023\/03\/Memoria_Flyer_4x5-72x90.jpg 72w, https:\/\/cultura.sma.gob.ar\/wp-content\/uploads\/2023\/03\/Memoria_Flyer_4x5.jpg 1081w\" sizes=\"auto, (max-width: 820px) 100vw, 820px\" \/><\/figure>\n\n\n\n<p>La Secretar\u00eda de Cultura, una vez m\u00e1s realizar\u00e1 un ciclo de funciones teatrales que\u00a0propongan una reflexi\u00f3n sobre lo acontecido en nuestro pa\u00eds en el per\u00edodo 1976-1983,\u00a0durante la \u00faltima dictadura c\u00edvica militar.\u00a0<\/p>\n\n\n\n<p>La propuesta en este 2\u00b0 Encuentro por la Memoria, es&nbsp;realizar funciones gratuitas para escuelas secundarias con participaci\u00f3n de compa\u00f1\u00edas locales como nacionales; creando un espacio donde los alumnos puedan debatir y compartir diferentes miradas de un mismo hecho hist\u00f3rico, generando un aprendizaje significativo para su saber.&nbsp;<\/p>\n\n\n\n<p>Este encuentro cuenta con el apoyo de la Legislatura del Neuqu\u00e9n, el Centro Cultural Cotesma y la Universidad Nacional de Cuyo.\u00a0<\/p>\n\n\n\n<p>Este es el cronograma de funciones gratuitas para colegios secundarios:<\/p>\n\n\n\n<p><strong>&#8211;  Mi\u00e9rcoles 22\/3 &#8211; 20 hs. \u201cCorriendo en la Sangre\u201d<\/strong>\u00a0Compa\u00f1\u00eda: El Cofre Colectivo Art\u00edstico. 20 hs. Alumnos de T.N.<\/p>\n\n\n\n<p><strong>-Jueves 23\/3 &#8211; 10 hs \u201cCabe en un Pez\u201d.<\/strong>\u00a0Compa\u00f1\u00eda: Elenco Estable de la Universidad Nacional de Cuyo. Alumnos T.M.<\/p>\n\n\n\n<p><strong>15 hs \u201cCabe en un Pez\u201d.<\/strong>\u00a0Compa\u00f1\u00eda: Elenco Estable de la Universidad Nacional de Cuyo. Alumnos T.T.<\/p>\n\n\n\n<p><strong>\u00a020 hs \u201cPotestad\u201d.\u00a0<\/strong>Direcci\u00f3n: Sandra Monteagudo. Alumnos T.N.<\/p>\n\n\n\n<p>Directivos y docentes que quieran participar pueden comunicarse a la Secretar\u00eda de Cultura al 424-804, de lunes a viernes de 9 a 18 hs.<\/p>\n\n\n\n<p><\/p>\n","protected":false},"excerpt":{"rendered":"<p>La Secretar\u00eda de Cultura, una vez m\u00e1s realizar\u00e1 un ciclo de funciones teatrales que\u00a0propongan una reflexi\u00f3n sobre lo acontecido en nuestro pa\u00eds en el per\u00edodo 1976-1983,\u00a0durante la \u00faltima dictadura c\u00edvica militar.\u00a0 La propuesta en este 2\u00b0 Encuentro por la Memoria, es&nbsp;realizar funciones gratuitas para escuelas secundarias con participaci\u00f3n de compa\u00f1\u00edas locales como nacionales; creando un espacio donde los alumnos puedan debatir y compartir diferentes miradas &hellip; <a href=\"https:\/\/cultura.sma.gob.ar\/?p=4552\" class=\"more-link\">Continue reading <span class=\"screen-reader-text\">Llega el 2\u00b0 Encuentro por la Memoria<\/span><\/a><\/p>\n","protected":false},"author":1,"featured_media":292,"comment_status":"closed","ping_status":"","sticky":false,"template":"","format":"image","meta":{"footnotes":""},"categories":[8,9],"tags":[],"class_list":["post-4552","post","type-post","status-publish","format-image","has-post-thumbnail","hentry","category-teatro-san-jose","category-ultimas-noticias","post_format-post-format-image"],"_links":{"self":[{"href":"https:\/\/cultura.sma.gob.ar\/index.php?rest_route=\/wp\/v2\/posts\/4552","targetHints":{"allow":["GET"]}}],"collection":[{"href":"https:\/\/cultura.sma.gob.ar\/index.php?rest_route=\/wp\/v2\/posts"}],"about":[{"href":"https:\/\/cultura.sma.gob.ar\/index.php?rest_route=\/wp\/v2\/types\/post"}],"author":[{"embeddable":true,"href":"https:\/\/cultura.sma.gob.ar\/index.php?rest_route=\/wp\/v2\/users\/1"}],"replies":[{"embeddable":true,"href":"https:\/\/cultura.sma.gob.ar\/index.php?rest_route=%2Fwp%2Fv2%2Fcomments&post=4552"}],"version-history":[{"count":1,"href":"https:\/\/cultura.sma.gob.ar\/index.php?rest_route=\/wp\/v2\/posts\/4552\/revisions"}],"predecessor-version":[{"id":4554,"href":"https:\/\/cultura.sma.gob.ar\/index.php?rest_route=\/wp\/v2\/posts\/4552\/revisions\/4554"}],"wp:featuredmedia":[{"embeddable":true,"href":"https:\/\/cultura.sma.gob.ar\/index.php?rest_route=\/wp\/v2\/media\/292"}],"wp:attachment":[{"href":"https:\/\/cultura.sma.gob.ar\/index.php?rest_route=%2Fwp%2Fv2%2Fmedia&parent=4552"}],"wp:term":[{"taxonomy":"category","embeddable":true,"href":"https:\/\/cultura.sma.gob.ar\/index.php?rest_route=%2Fwp%2Fv2%2Fcategories&post=4552"},{"taxonomy":"post_tag","embeddable":true,"href":"https:\/\/cultura.sma.gob.ar\/index.php?rest_route=%2Fwp%2Fv2%2Ftags&post=4552"}],"curies":[{"name":"wp","href":"https:\/\/api.w.org\/{rel}","templated":true}]}}