{"id":4547,"date":"2023-03-15T12:01:03","date_gmt":"2023-03-15T15:01:03","guid":{"rendered":"http:\/\/cultura.sma.gob.ar\/?p=4547"},"modified":"2023-03-15T12:01:03","modified_gmt":"2023-03-15T15:01:03","slug":"llega-la-muestra-intensidad-registrada-de-los-artistas-santiago-rodriguez-y-lucia-bonato-con-curaduria-mariana-rodriguez-iglesias","status":"publish","type":"post","link":"https:\/\/cultura.sma.gob.ar\/?p=4547","title":{"rendered":"Llega la muestra \u201cIntensidad registrada\u201d de los artistas Santiago Rodr\u00edguez y Luc\u00eda Bonato con curadur\u00eda Mariana Rodr\u00edguez Iglesias"},"content":{"rendered":"\n<figure class=\"wp-block-image size-large\"><img loading=\"lazy\" decoding=\"async\" width=\"1024\" height=\"1024\" src=\"http:\/\/cultura.sma.gob.ar\/wp-content\/uploads\/2023\/03\/Flyer-Rodriguez_1x1-1024x1024.jpg\" alt=\"\" class=\"wp-image-4548\" srcset=\"https:\/\/cultura.sma.gob.ar\/wp-content\/uploads\/2023\/03\/Flyer-Rodriguez_1x1-1024x1024.jpg 1024w, https:\/\/cultura.sma.gob.ar\/wp-content\/uploads\/2023\/03\/Flyer-Rodriguez_1x1-300x300.jpg 300w, https:\/\/cultura.sma.gob.ar\/wp-content\/uploads\/2023\/03\/Flyer-Rodriguez_1x1-150x150.jpg 150w, https:\/\/cultura.sma.gob.ar\/wp-content\/uploads\/2023\/03\/Flyer-Rodriguez_1x1-768x768.jpg 768w, https:\/\/cultura.sma.gob.ar\/wp-content\/uploads\/2023\/03\/Flyer-Rodriguez_1x1-90x90.jpg 90w, https:\/\/cultura.sma.gob.ar\/wp-content\/uploads\/2023\/03\/Flyer-Rodriguez_1x1.jpg 1080w\" sizes=\"auto, (max-width: 1024px) 100vw, 1024px\" \/><\/figure>\n\n\n\n<figure class=\"wp-block-image size-large\"><img loading=\"lazy\" decoding=\"async\" width=\"1024\" height=\"1024\" src=\"http:\/\/cultura.sma.gob.ar\/wp-content\/uploads\/2023\/03\/Flyer-Bonato_1x1-1024x1024.jpg\" alt=\"\" class=\"wp-image-4549\" srcset=\"https:\/\/cultura.sma.gob.ar\/wp-content\/uploads\/2023\/03\/Flyer-Bonato_1x1-1024x1024.jpg 1024w, https:\/\/cultura.sma.gob.ar\/wp-content\/uploads\/2023\/03\/Flyer-Bonato_1x1-300x300.jpg 300w, https:\/\/cultura.sma.gob.ar\/wp-content\/uploads\/2023\/03\/Flyer-Bonato_1x1-150x150.jpg 150w, https:\/\/cultura.sma.gob.ar\/wp-content\/uploads\/2023\/03\/Flyer-Bonato_1x1-768x768.jpg 768w, https:\/\/cultura.sma.gob.ar\/wp-content\/uploads\/2023\/03\/Flyer-Bonato_1x1-90x90.jpg 90w, https:\/\/cultura.sma.gob.ar\/wp-content\/uploads\/2023\/03\/Flyer-Bonato_1x1.jpg 1080w\" sizes=\"auto, (max-width: 1024px) 100vw, 1024px\" \/><\/figure>\n\n\n\n<p><\/p>\n\n\n\n<p>La muestra inaugurar\u00e1 el viernes 17 de marzo a las 20 hs y se podr\u00e1 visitar hasta el 19 de abril,\u00a0de lunes a viernes de 10 a 12, y de 16 a 20 hs. Y los s\u00e1bados de 16 a 20 hs. con entrada abierta y gratuita.<\/p>\n\n\n\n<p>La muestra incluye im\u00e1genes sexuales expl\u00edcitas, es apta para mayores de 18 a\u00f1os.<\/p>\n\n\n\n<p>Esta exposici\u00f3n busca ser un espacio de reflexi\u00f3n en relaci\u00f3n al deseo: \u201cHist\u00f3ricamente, el ejercicio del deseo y su manifestaci\u00f3n p\u00fablica es un derecho del que gozan las masculinidades. Para los cuerpos feminizados se les tiene reservado el decoro del diario \u00edntimo y la literatura rosa o, m\u00e1s seguido, el silencio. Con Intensidad Registrada se busca dar vuelta ese escenario al ofrecer una experiencia sensorial y sensual, pero tambi\u00e9n po\u00e9tica e inteligente, a partir del encuentro con las obras de Luc\u00eda Bonato (San Mart\u00edn de los Andes) y Santiago Rodr\u00edguez (Santa Fe)\u201d<\/p>\n\n\n\n<p>\u201c\u2026ella, Luc\u00eda, en total control de su erotismo, captura, edita y exhibe fragmentos de encuentros amorosos; mientras tanto \u00e9l, Santiago, nos deleita y desaf\u00eda desde un plano intelectual a encontrar las claves de una afectividad vulnerable encriptadas en sus piezas de se\u00f1al\u00e9tica profesional\u201d.<\/p>\n\n\n\n<p>Luc\u00eda Bonato (Vicente L\u00f3pez, 1989)<\/p>\n\n\n\n<p>A sus 10 a\u00f1os se radic\u00f3 en Jun\u00edn de los Andes, donde relaiza talleres en el CIA N\u00ba 3.&nbsp; Desde 2019 participa de los Encuentros Productivos de Artistas Contempor\u00e1neos Fuego en la Torre, y desde 2020 coordina los talleres \u201cEl Deseo Es Nuestro Vol. I &#8211; Vol. II\u201d en Espacio RARA, plataforma de formaci\u00f3n en fotograf\u00eda contempor\u00e1nea. En 2021 y 2022 fue seleccionada como beneficiaria de la Beca Creaci\u00f3n del Fondo Nacional de las Artes.<\/p>\n\n\n\n<p>Santiago Rodr\u00edguez (Santa Fe, 1997)<\/p>\n\n\n\n<p>Se encuentra cursando el \u00faltimo a\u00f1o del Profesorado de Artes Visuales en la Escuela Provincial de Artes Visuales Profesor Juan Mantovani. Asisti\u00f3 al Taller de Seguimiento de Proyectos Art\u00edsticos \u201cLo Inminente\u201d coordinado por C\u00e9sar N\u00fa\u00f1ez y particip\u00f3 del Programa Anual de Formaci\u00f3n \u201cEl Or\u00e1culo\u201d organizado por P\u00farpura Proyecto, Santa Fe. En&nbsp; 2022 fue parte del programa anual de an\u00e1lisis y producci\u00f3n de Artes visuales \u201cManglar\u201d coordinado por Andr\u00e9s Labake y ese mismo a\u00f1o fue beneficiario de la Beca Creaci\u00f3n del Fondo Nacional de las Artes<\/p>\n","protected":false},"excerpt":{"rendered":"<p>La muestra inaugurar\u00e1 el viernes 17 de marzo a las 20 hs y se podr\u00e1 visitar hasta el 19 de abril,\u00a0de lunes a viernes de 10 a 12, y de 16 a 20 hs. Y los s\u00e1bados de 16 a 20 hs. con entrada abierta y gratuita. La muestra incluye im\u00e1genes sexuales expl\u00edcitas, es apta para mayores de 18 a\u00f1os. Esta exposici\u00f3n busca ser un &hellip; <a href=\"https:\/\/cultura.sma.gob.ar\/?p=4547\" class=\"more-link\">Continue reading <span class=\"screen-reader-text\">Llega la muestra \u201cIntensidad registrada\u201d de los artistas Santiago Rodr\u00edguez y Luc\u00eda Bonato con curadur\u00eda Mariana Rodr\u00edguez Iglesias<\/span><\/a><\/p>\n","protected":false},"author":1,"featured_media":295,"comment_status":"closed","ping_status":"","sticky":false,"template":"","format":"image","meta":{"footnotes":""},"categories":[6,9],"tags":[],"class_list":["post-4547","post","type-post","status-publish","format-image","has-post-thumbnail","hentry","category-sala-lidaura-chapitel","category-ultimas-noticias","post_format-post-format-image"],"_links":{"self":[{"href":"https:\/\/cultura.sma.gob.ar\/index.php?rest_route=\/wp\/v2\/posts\/4547","targetHints":{"allow":["GET"]}}],"collection":[{"href":"https:\/\/cultura.sma.gob.ar\/index.php?rest_route=\/wp\/v2\/posts"}],"about":[{"href":"https:\/\/cultura.sma.gob.ar\/index.php?rest_route=\/wp\/v2\/types\/post"}],"author":[{"embeddable":true,"href":"https:\/\/cultura.sma.gob.ar\/index.php?rest_route=\/wp\/v2\/users\/1"}],"replies":[{"embeddable":true,"href":"https:\/\/cultura.sma.gob.ar\/index.php?rest_route=%2Fwp%2Fv2%2Fcomments&post=4547"}],"version-history":[{"count":1,"href":"https:\/\/cultura.sma.gob.ar\/index.php?rest_route=\/wp\/v2\/posts\/4547\/revisions"}],"predecessor-version":[{"id":4550,"href":"https:\/\/cultura.sma.gob.ar\/index.php?rest_route=\/wp\/v2\/posts\/4547\/revisions\/4550"}],"wp:featuredmedia":[{"embeddable":true,"href":"https:\/\/cultura.sma.gob.ar\/index.php?rest_route=\/wp\/v2\/media\/295"}],"wp:attachment":[{"href":"https:\/\/cultura.sma.gob.ar\/index.php?rest_route=%2Fwp%2Fv2%2Fmedia&parent=4547"}],"wp:term":[{"taxonomy":"category","embeddable":true,"href":"https:\/\/cultura.sma.gob.ar\/index.php?rest_route=%2Fwp%2Fv2%2Fcategories&post=4547"},{"taxonomy":"post_tag","embeddable":true,"href":"https:\/\/cultura.sma.gob.ar\/index.php?rest_route=%2Fwp%2Fv2%2Ftags&post=4547"}],"curies":[{"name":"wp","href":"https:\/\/api.w.org\/{rel}","templated":true}]}}