{"id":453,"date":"2020-10-28T09:53:06","date_gmt":"2020-10-28T12:53:06","guid":{"rendered":"http:\/\/cultura.sma.gob.ar\/?p=453"},"modified":"2020-10-28T09:53:06","modified_gmt":"2020-10-28T12:53:06","slug":"mi-tierra-canciones-con-identidad","status":"publish","type":"post","link":"https:\/\/cultura.sma.gob.ar\/?p=453","title":{"rendered":"Mi tierra &#8211; Canciones con identidad"},"content":{"rendered":"\n<figure class=\"wp-block-image size-large\"><img loading=\"lazy\" decoding=\"async\" width=\"738\" height=\"590\" src=\"http:\/\/cultura.sma.gob.ar\/wp-content\/uploads\/2020\/10\/FLYER-MI-TIERRA-30-10.jpg\" alt=\"\" class=\"wp-image-454\" srcset=\"https:\/\/cultura.sma.gob.ar\/wp-content\/uploads\/2020\/10\/FLYER-MI-TIERRA-30-10.jpg 738w, https:\/\/cultura.sma.gob.ar\/wp-content\/uploads\/2020\/10\/FLYER-MI-TIERRA-30-10-300x240.jpg 300w, https:\/\/cultura.sma.gob.ar\/wp-content\/uploads\/2020\/10\/FLYER-MI-TIERRA-30-10-113x90.jpg 113w\" sizes=\"auto, (max-width: 738px) 100vw, 738px\" \/><\/figure>\n\n\n\n<p>Este viernes 30 de octubre a las 20:00hs, despedimos el mes con el gran cierre del Ciclo \u201cVIERNES CULTURALES EN LA G\u00dcNTHER\u201d.<br>V\u00eda streaming, sin p\u00fablico presencial y bajo estricto protocolo sanitario, llega MI TIERRA con \u201cCanciones con Identidad\u201d.<\/p>\n\n\n\n<p>Como un grito arisco desnudo que nace de la tierra Florindo Blanco interpreta el paisaje musical de nuestro Pa\u00eds, junto a Raiko Numa Varela Raggio, Pianista de formaci\u00f3n acad\u00e9mica quien con sus melod\u00edas embellece el repertorio de \u201cMI TIERRA\u201d invit\u00e1ndolos a escuchar y bailar, en sus casas, Zambas, Gatos, Escondidos, Chacareras y mucho m\u00e1s&#8230;<\/p>\n\n\n\n<p>Seguilos en vivo a trav\u00e9s del Facebook Live&nbsp;<a href=\"https:\/\/correo.smandes.gov.ar\/owa\/redir.aspx?C=d75ef8737557454ca80be688318af438&amp;URL=https%3a%2f%2fwww.facebook.com%2fmas.nuestro\" target=\"_blank\" rel=\"noreferrer noopener\">@Florindo Blanco Cantor Criollo<\/a><\/p>\n\n\n\n<p>Adem\u00e1s de disfrutarlos pod\u00e9s colaborar con los artistas al siguiente CBU: 0110480030048054830829<\/p>\n\n\n\n<p>No te lo pod\u00e9s perder.<\/p>\n","protected":false},"excerpt":{"rendered":"<p>Este viernes 30 de octubre a las 20:00hs, despedimos el mes con el gran cierre del Ciclo \u201cVIERNES CULTURALES EN LA G\u00dcNTHER\u201d.V\u00eda streaming, sin p\u00fablico presencial y bajo estricto protocolo sanitario, llega MI TIERRA con \u201cCanciones con Identidad\u201d. Como un grito arisco desnudo que nace de la tierra Florindo Blanco interpreta el paisaje musical de nuestro Pa\u00eds, junto a Raiko Numa Varela Raggio, Pianista de &hellip; <a href=\"https:\/\/cultura.sma.gob.ar\/?p=453\" class=\"more-link\">Continue reading <span class=\"screen-reader-text\">Mi tierra &#8211; Canciones con identidad<\/span><\/a><\/p>\n","protected":false},"author":1,"featured_media":297,"comment_status":"closed","ping_status":"","sticky":false,"template":"","format":"image","meta":{"footnotes":""},"categories":[2,9],"tags":[],"class_list":["post-453","post","type-post","status-publish","format-image","has-post-thumbnail","hentry","category-ciudad-cultural","category-ultimas-noticias","post_format-post-format-image"],"_links":{"self":[{"href":"https:\/\/cultura.sma.gob.ar\/index.php?rest_route=\/wp\/v2\/posts\/453","targetHints":{"allow":["GET"]}}],"collection":[{"href":"https:\/\/cultura.sma.gob.ar\/index.php?rest_route=\/wp\/v2\/posts"}],"about":[{"href":"https:\/\/cultura.sma.gob.ar\/index.php?rest_route=\/wp\/v2\/types\/post"}],"author":[{"embeddable":true,"href":"https:\/\/cultura.sma.gob.ar\/index.php?rest_route=\/wp\/v2\/users\/1"}],"replies":[{"embeddable":true,"href":"https:\/\/cultura.sma.gob.ar\/index.php?rest_route=%2Fwp%2Fv2%2Fcomments&post=453"}],"version-history":[{"count":1,"href":"https:\/\/cultura.sma.gob.ar\/index.php?rest_route=\/wp\/v2\/posts\/453\/revisions"}],"predecessor-version":[{"id":455,"href":"https:\/\/cultura.sma.gob.ar\/index.php?rest_route=\/wp\/v2\/posts\/453\/revisions\/455"}],"wp:featuredmedia":[{"embeddable":true,"href":"https:\/\/cultura.sma.gob.ar\/index.php?rest_route=\/wp\/v2\/media\/297"}],"wp:attachment":[{"href":"https:\/\/cultura.sma.gob.ar\/index.php?rest_route=%2Fwp%2Fv2%2Fmedia&parent=453"}],"wp:term":[{"taxonomy":"category","embeddable":true,"href":"https:\/\/cultura.sma.gob.ar\/index.php?rest_route=%2Fwp%2Fv2%2Fcategories&post=453"},{"taxonomy":"post_tag","embeddable":true,"href":"https:\/\/cultura.sma.gob.ar\/index.php?rest_route=%2Fwp%2Fv2%2Ftags&post=453"}],"curies":[{"name":"wp","href":"https:\/\/api.w.org\/{rel}","templated":true}]}}