{"id":4516,"date":"2023-02-27T21:45:13","date_gmt":"2023-02-28T00:45:13","guid":{"rendered":"http:\/\/cultura.sma.gob.ar\/?p=4516"},"modified":"2023-02-27T21:45:13","modified_gmt":"2023-02-28T00:45:13","slug":"19o-encuentro-patagonico-de-tango","status":"publish","type":"post","link":"https:\/\/cultura.sma.gob.ar\/?p=4516","title":{"rendered":"19\u00ba Encuentro Patag\u00f3nico de Tango"},"content":{"rendered":"\n<figure class=\"wp-block-image size-large\"><img loading=\"lazy\" decoding=\"async\" width=\"798\" height=\"943\" src=\"http:\/\/cultura.sma.gob.ar\/wp-content\/uploads\/2023\/02\/WhatsApp-Image-2023-02-27-at-16.16.28.jpeg\" alt=\"\" class=\"wp-image-4517\" srcset=\"https:\/\/cultura.sma.gob.ar\/wp-content\/uploads\/2023\/02\/WhatsApp-Image-2023-02-27-at-16.16.28.jpeg 798w, https:\/\/cultura.sma.gob.ar\/wp-content\/uploads\/2023\/02\/WhatsApp-Image-2023-02-27-at-16.16.28-254x300.jpeg 254w, https:\/\/cultura.sma.gob.ar\/wp-content\/uploads\/2023\/02\/WhatsApp-Image-2023-02-27-at-16.16.28-768x908.jpeg 768w, https:\/\/cultura.sma.gob.ar\/wp-content\/uploads\/2023\/02\/WhatsApp-Image-2023-02-27-at-16.16.28-76x90.jpeg 76w\" sizes=\"auto, (max-width: 798px) 100vw, 798px\" \/><\/figure>\n\n\n\n<figure class=\"wp-block-image size-large\"><img loading=\"lazy\" decoding=\"async\" width=\"652\" height=\"1024\" src=\"http:\/\/cultura.sma.gob.ar\/wp-content\/uploads\/2023\/02\/WhatsApp-Image-2023-02-27-at-16.16.28-1-652x1024.jpeg\" alt=\"\" class=\"wp-image-4518\" srcset=\"https:\/\/cultura.sma.gob.ar\/wp-content\/uploads\/2023\/02\/WhatsApp-Image-2023-02-27-at-16.16.28-1-652x1024.jpeg 652w, https:\/\/cultura.sma.gob.ar\/wp-content\/uploads\/2023\/02\/WhatsApp-Image-2023-02-27-at-16.16.28-1-191x300.jpeg 191w, https:\/\/cultura.sma.gob.ar\/wp-content\/uploads\/2023\/02\/WhatsApp-Image-2023-02-27-at-16.16.28-1-768x1205.jpeg 768w, https:\/\/cultura.sma.gob.ar\/wp-content\/uploads\/2023\/02\/WhatsApp-Image-2023-02-27-at-16.16.28-1-979x1536.jpeg 979w, https:\/\/cultura.sma.gob.ar\/wp-content\/uploads\/2023\/02\/WhatsApp-Image-2023-02-27-at-16.16.28-1-57x90.jpeg 57w, https:\/\/cultura.sma.gob.ar\/wp-content\/uploads\/2023\/02\/WhatsApp-Image-2023-02-27-at-16.16.28-1.jpeg 985w\" sizes=\"auto, (max-width: 652px) 100vw, 652px\" \/><\/figure>\n\n\n\n<figure class=\"wp-block-image size-large\"><img loading=\"lazy\" decoding=\"async\" width=\"860\" height=\"1024\" src=\"http:\/\/cultura.sma.gob.ar\/wp-content\/uploads\/2023\/02\/WhatsApp-Image-2023-02-27-at-16.16.27-860x1024.jpeg\" alt=\"\" class=\"wp-image-4519\" srcset=\"https:\/\/cultura.sma.gob.ar\/wp-content\/uploads\/2023\/02\/WhatsApp-Image-2023-02-27-at-16.16.27-860x1024.jpeg 860w, https:\/\/cultura.sma.gob.ar\/wp-content\/uploads\/2023\/02\/WhatsApp-Image-2023-02-27-at-16.16.27-252x300.jpeg 252w, https:\/\/cultura.sma.gob.ar\/wp-content\/uploads\/2023\/02\/WhatsApp-Image-2023-02-27-at-16.16.27-768x915.jpeg 768w, https:\/\/cultura.sma.gob.ar\/wp-content\/uploads\/2023\/02\/WhatsApp-Image-2023-02-27-at-16.16.27-76x90.jpeg 76w, https:\/\/cultura.sma.gob.ar\/wp-content\/uploads\/2023\/02\/WhatsApp-Image-2023-02-27-at-16.16.27.jpeg 1261w\" sizes=\"auto, (max-width: 860px) 100vw, 860px\" \/><\/figure>\n\n\n\n<p>El &nbsp;Encuentro Patag\u00f3nico de Tango, que se realiza en la ciudad de San Martin de los Andes, Organizado por los Maestros Bailarines Marcos O. Aviles y Analia Beatriz Braun, desde hace 18 a\u00f1os, es Festival de Tango de Mayor trayectoria de la Patagonia. Este a\u00f1o 2023 en su 19 Edici\u00f3n&nbsp; se llevara a cabo los d\u00edas 02, 03, 04 y 05 de Marzo.<\/p>\n\n\n\n<p>A trav\u00e9s de este Encuentro los milongueros, amantes del tango, participan de diferentes localidades de la Provincia y de todo el pa\u00eds, como tambi\u00e9n contamos con la visita del vecino pa\u00eds de Chile, y de Europa. Pueden encontrarse, relacionarse con otros, intercambiar experiencias, y vivir estas jornadas de camarer\u00eda, nutri\u00e9ndose de los conocimientos de los maestros convocados, que dictan seminarios de tango, vals y milonga. Adem\u00e1s, se realizan dentro de la programaci\u00f3n, noches de Milongas, en donde los concurrentes pueden disfrutar del baile en la pista y de las presentaciones y exhibiciones de los maestros convocados<\/p>\n\n\n\n<p>Por otro lado, se logra mediante estos Encuentros, sumar a m\u00e1s adeptos a esta actividad, contribuyendo as\u00ed a su crecimiento y difusi\u00f3n.<\/p>\n\n\n\n<p>Al realizarse en un punto tur\u00edstico tan importante como San Martin de los Andes, estamos adem\u00e1s promocionado e incentivando el arribo de turistas, regionales, nacionales e internacionales, que hacen el uso de alojamientos, restaurantes, paquetes tur\u00edsticos y consumos en comercios.<\/p>\n\n\n\n<p>Este Evento es reconocido, tanto por el tiempo que llevamos organiz\u00e1ndolo, como tambi\u00e9n por la gran aceptaci\u00f3n que tiene de la gente ya que viene creciendo en cuanto a concurrencia y calidad. Cada a\u00f1o tratamos de mejorar el nivel de las actividades con el objetivo de incorporar distintas expresiones referidas al tango para que este evento siga teniendo trascendencia y para que San Martin de los Andes siga siendo una ciudad representativa y difusora del Tango en la Patagonia y el Pa\u00eds.<\/p>\n\n\n\n<p>Las Milongas se realizaran en el Colegio Fasta y las Clases en la Escuela N\u00b0 5 de nuestra ciudad. Y Tendremos una Milonga Callejera de Apertura en la Plaza San Martin.<\/p>\n","protected":false},"excerpt":{"rendered":"<p>El &nbsp;Encuentro Patag\u00f3nico de Tango, que se realiza en la ciudad de San Martin de los Andes, Organizado por los Maestros Bailarines Marcos O. Aviles y Analia Beatriz Braun, desde hace 18 a\u00f1os, es Festival de Tango de Mayor trayectoria de la Patagonia. Este a\u00f1o 2023 en su 19 Edici\u00f3n&nbsp; se llevara a cabo los d\u00edas 02, 03, 04 y 05 de Marzo. A trav\u00e9s &hellip; <a href=\"https:\/\/cultura.sma.gob.ar\/?p=4516\" class=\"more-link\">Continue reading <span class=\"screen-reader-text\">19\u00ba Encuentro Patag\u00f3nico de Tango<\/span><\/a><\/p>\n","protected":false},"author":1,"featured_media":297,"comment_status":"closed","ping_status":"","sticky":false,"template":"","format":"image","meta":{"footnotes":""},"categories":[2,9],"tags":[],"class_list":["post-4516","post","type-post","status-publish","format-image","has-post-thumbnail","hentry","category-ciudad-cultural","category-ultimas-noticias","post_format-post-format-image"],"_links":{"self":[{"href":"https:\/\/cultura.sma.gob.ar\/index.php?rest_route=\/wp\/v2\/posts\/4516","targetHints":{"allow":["GET"]}}],"collection":[{"href":"https:\/\/cultura.sma.gob.ar\/index.php?rest_route=\/wp\/v2\/posts"}],"about":[{"href":"https:\/\/cultura.sma.gob.ar\/index.php?rest_route=\/wp\/v2\/types\/post"}],"author":[{"embeddable":true,"href":"https:\/\/cultura.sma.gob.ar\/index.php?rest_route=\/wp\/v2\/users\/1"}],"replies":[{"embeddable":true,"href":"https:\/\/cultura.sma.gob.ar\/index.php?rest_route=%2Fwp%2Fv2%2Fcomments&post=4516"}],"version-history":[{"count":1,"href":"https:\/\/cultura.sma.gob.ar\/index.php?rest_route=\/wp\/v2\/posts\/4516\/revisions"}],"predecessor-version":[{"id":4520,"href":"https:\/\/cultura.sma.gob.ar\/index.php?rest_route=\/wp\/v2\/posts\/4516\/revisions\/4520"}],"wp:featuredmedia":[{"embeddable":true,"href":"https:\/\/cultura.sma.gob.ar\/index.php?rest_route=\/wp\/v2\/media\/297"}],"wp:attachment":[{"href":"https:\/\/cultura.sma.gob.ar\/index.php?rest_route=%2Fwp%2Fv2%2Fmedia&parent=4516"}],"wp:term":[{"taxonomy":"category","embeddable":true,"href":"https:\/\/cultura.sma.gob.ar\/index.php?rest_route=%2Fwp%2Fv2%2Fcategories&post=4516"},{"taxonomy":"post_tag","embeddable":true,"href":"https:\/\/cultura.sma.gob.ar\/index.php?rest_route=%2Fwp%2Fv2%2Ftags&post=4516"}],"curies":[{"name":"wp","href":"https:\/\/api.w.org\/{rel}","templated":true}]}}