{"id":451,"date":"2020-10-26T13:33:15","date_gmt":"2020-10-26T16:33:15","guid":{"rendered":"http:\/\/cultura.sma.gob.ar\/?p=451"},"modified":"2020-10-26T13:33:15","modified_gmt":"2020-10-26T16:33:15","slug":"el-ministerio-de-las-culturas-de-la-provincia-del-neuquen-lanza-cuatro-programas-especiales-en-el-marco-de-su-plan-provincial-de-emergencia-y-reactivacion-cultural","status":"publish","type":"post","link":"https:\/\/cultura.sma.gob.ar\/?p=451","title":{"rendered":"El Ministerio de las Culturas de la Provincia del Neuqu\u00e9n lanza cuatro programas especiales en el marco de su Plan Provincial de Emergencia y Reactivaci\u00f3n Cultural"},"content":{"rendered":"\n\n\n<p>Para poder inscribirse a cualquiera de los siguientes 4 programas, los hacedores culturales deben estar previamente inscriptos en el <em>Registro de Artistas y Trabajadores de la Cultura<\/em>&nbsp; <a href=\"https:\/\/culturaprovincia.neuquen.gob.ar\/registro-de-artistas-y-trabajadores-de-la-cultura\/\">https:\/\/culturaprovincia.neuquen.gob.ar\/registro-de-artistas-y-trabajadores-de-la-cultura\/<\/a> o en el <em>Registro \u00danico de Artistas, Trabajadores de la Cultura e Industrias Culturales<\/em> <a href=\"https:\/\/industriasculturales.neuquen.gob.ar\/\">https:\/\/industriasculturales.neuquen.gob.ar\/<\/a>&nbsp;<\/p>\n\n\n\n<p><strong><u>Programas \u201cArte libre\u201d y \u201cRescate por el arte\u201d&nbsp;<\/u><\/strong><\/p>\n\n\n\n<p>Dirigido a trabajadores y trabajadoras de la cultura para que ofrezcan propuestas art\u00edsticas virtuales o presenciales (con los protocolos indicados en cada caso para garantizar el distanciamiento social): presentaciones art\u00edsticas de todas las disciplinas, videos instructivos, tutoriales de artes visuales, artesan\u00edas y artes audiovisuales, festivales y encuentros, capacitaciones y aulas virtuales, grabaciones para subir a diferentes plataformas, etc.<\/p>\n\n\n\n<p><strong>Informes e inscripci\u00f3n: reactivacionculturalnqn@gmail.com&nbsp;&nbsp;<\/strong><\/p>\n\n\n\n<p><strong><u>PROGRAMA MANTENER PROYECTOS<\/u><\/strong><\/p>\n\n\n\n<p>Convocatoria abierta hasta el pr\u00f3ximo <strong>viernes 30 de octubre.<\/strong><\/p>\n\n\n\n<p>Destinados a proyectos laborales, emprendimientos e industrias del sector cultural:<\/p>\n\n\n\n<p>-Artes cinematogr\u00e1ficas y audiovisuales (cine, videoarte, animaci\u00f3n y publicidad). &#8211; Artes esc\u00e9nicas (teatro, danzas y artes circenses).&nbsp;<\/p>\n\n\n\n<p>&#8211; Artes musicales y sonoras (m\u00fasica y sonido).&nbsp;<\/p>\n\n\n\n<p>&#8211; Artes literarias (escritura, dise\u00f1o, edici\u00f3n y redacci\u00f3n).&nbsp;<\/p>\n\n\n\n<p>&#8211; Artes pl\u00e1sticas y visuales (dibujo, pintura, grabado, escultura, fotograf\u00eda y arte p\u00fablico). &#8211; Artesan\u00edas.&nbsp;<\/p>\n\n\n\n<p>El monto m\u00e1ximo por beneficiario ser\u00e1 de hasta $200.000 para cubrir gastos corrientes operativos y honorarios de los equipos de trabajo<\/p>\n\n\n\n<p>Las postulaciones se formalizan a trav\u00e9s del siguiente formulario en l\u00ednea <a href=\"https:\/\/forms.gle\/DegSBxuHeMV8RsYp8\">https:\/\/forms.gle\/DegSBxuHeMV8RsYp8<\/a><\/p>\n\n\n\n<p>Las bases y condiciones est\u00e1n disponibles en&nbsp; <a href=\"https:\/\/drive.google.com\/file\/d\/1bD0UlE0GA0m2rKGtkio4OBnzIyp49KWa\/view?usp=sharing\">https:\/\/drive.google.com\/file\/d\/1bD0UlE0GA0m2rKGtkio4OBnzIyp49KWa\/view?usp=sharing<\/a><\/p>\n\n\n\n<p>Para mayor informaci\u00f3n, enviar mail a <a href=\"mailto:mantenerproyectos@gmail.com.ar\">mantenerproyectos@gmail.com.ar<\/a><\/p>\n\n\n\n<p><strong><u>Programa \u201cRescate espacios culturales\u201d<\/u><\/strong><\/p>\n\n\n\n<p>Convocatoria abierta hasta el<strong> 30 de octubre<\/strong><\/p>\n\n\n\n<p>Destinado a Salas de espect\u00e1culos independientes, institutos y academias de danza, m\u00fasica, artes visuales y talleres con el fin de cubrir gastos de alquiler<\/p>\n\n\n\n<p>Monto m\u00e1ximo por beneficiario: hasta $280.000<\/p>\n\n\n\n<p>Las postulaciones se formalizan a trav\u00e9s del siguiente formulario en l\u00ednea<a href=\"https:\/\/forms.gle\/WeQPmddQruCvgbZ46\">https:\/\/forms.gle\/WeQPmddQruCvgbZ46<\/a><\/p>\n\n\n\n<p>Las bases y condiciones est\u00e1n disponibles en&nbsp; <a href=\"https:\/\/drive.google.com\/file\/d\/17mLUOhVxQjZIqTZOJZ9bvZs1Yv8vdCPK\/view?usp=sharing\">https:\/\/drive.google.com\/file\/d\/17mLUOhVxQjZIqTZOJZ9bvZs1Yv8vdCPK\/view?usp=sharing<\/a><\/p>\n\n\n\n<p>Consultas: <a href=\"mailto:respaciosculturales@gmail.c9om\">respaciosculturales@gmail.com<\/a><\/p>\n","protected":false},"excerpt":{"rendered":"<p>Las inscripciones finalizan el viernes 30 de octubre. <a href=\"https:\/\/cultura.sma.gob.ar\/?p=451\" class=\"more-link\">Continue reading <span class=\"screen-reader-text\">El Ministerio de las Culturas de la Provincia del Neuqu\u00e9n lanza cuatro programas especiales en el marco de su Plan Provincial de Emergencia y Reactivaci\u00f3n Cultural<\/span><\/a><\/p>\n","protected":false},"author":1,"featured_media":297,"comment_status":"closed","ping_status":"","sticky":false,"template":"","format":"image","meta":{"footnotes":""},"categories":[9],"tags":[],"class_list":["post-451","post","type-post","status-publish","format-image","has-post-thumbnail","hentry","category-ultimas-noticias","post_format-post-format-image"],"_links":{"self":[{"href":"https:\/\/cultura.sma.gob.ar\/index.php?rest_route=\/wp\/v2\/posts\/451","targetHints":{"allow":["GET"]}}],"collection":[{"href":"https:\/\/cultura.sma.gob.ar\/index.php?rest_route=\/wp\/v2\/posts"}],"about":[{"href":"https:\/\/cultura.sma.gob.ar\/index.php?rest_route=\/wp\/v2\/types\/post"}],"author":[{"embeddable":true,"href":"https:\/\/cultura.sma.gob.ar\/index.php?rest_route=\/wp\/v2\/users\/1"}],"replies":[{"embeddable":true,"href":"https:\/\/cultura.sma.gob.ar\/index.php?rest_route=%2Fwp%2Fv2%2Fcomments&post=451"}],"version-history":[{"count":1,"href":"https:\/\/cultura.sma.gob.ar\/index.php?rest_route=\/wp\/v2\/posts\/451\/revisions"}],"predecessor-version":[{"id":452,"href":"https:\/\/cultura.sma.gob.ar\/index.php?rest_route=\/wp\/v2\/posts\/451\/revisions\/452"}],"wp:featuredmedia":[{"embeddable":true,"href":"https:\/\/cultura.sma.gob.ar\/index.php?rest_route=\/wp\/v2\/media\/297"}],"wp:attachment":[{"href":"https:\/\/cultura.sma.gob.ar\/index.php?rest_route=%2Fwp%2Fv2%2Fmedia&parent=451"}],"wp:term":[{"taxonomy":"category","embeddable":true,"href":"https:\/\/cultura.sma.gob.ar\/index.php?rest_route=%2Fwp%2Fv2%2Fcategories&post=451"},{"taxonomy":"post_tag","embeddable":true,"href":"https:\/\/cultura.sma.gob.ar\/index.php?rest_route=%2Fwp%2Fv2%2Ftags&post=451"}],"curies":[{"name":"wp","href":"https:\/\/api.w.org\/{rel}","templated":true}]}}