{"id":4507,"date":"2023-02-22T20:31:20","date_gmt":"2023-02-22T23:31:20","guid":{"rendered":"http:\/\/cultura.sma.gob.ar\/?p=4507"},"modified":"2023-02-22T20:31:20","modified_gmt":"2023-02-22T23:31:20","slug":"uke-geraci-llega-con-desquiciado-en-la-patagonia-a-la-sala-amankay","status":"publish","type":"post","link":"https:\/\/cultura.sma.gob.ar\/?p=4507","title":{"rendered":"Uke Geraci llega con &#8220;DESQUICIADO EN LA PATAGONIA&#8221; a la Sala Amankay"},"content":{"rendered":"\n<figure class=\"wp-block-image size-large\"><img loading=\"lazy\" decoding=\"async\" width=\"1024\" height=\"986\" src=\"http:\/\/cultura.sma.gob.ar\/wp-content\/uploads\/2023\/02\/Flyer_DesquiciadoSMA.jpg\" alt=\"\" class=\"wp-image-4508\" srcset=\"https:\/\/cultura.sma.gob.ar\/wp-content\/uploads\/2023\/02\/Flyer_DesquiciadoSMA.jpg 1024w, https:\/\/cultura.sma.gob.ar\/wp-content\/uploads\/2023\/02\/Flyer_DesquiciadoSMA-300x289.jpg 300w, https:\/\/cultura.sma.gob.ar\/wp-content\/uploads\/2023\/02\/Flyer_DesquiciadoSMA-768x740.jpg 768w, https:\/\/cultura.sma.gob.ar\/wp-content\/uploads\/2023\/02\/Flyer_DesquiciadoSMA-93x90.jpg 93w\" sizes=\"auto, (max-width: 1024px) 100vw, 1024px\" \/><\/figure>\n\n\n\n<p>El pr\u00f3ximo s\u00e1bado, 04 de marzo, a las 22hs, en nuestra querida Sala Amankay, vamos a disfrutar una divertid\u00edsima noche de Stand Up junto a Uke Geraci y su imperdible \u201cDESQUICIADO EN LA PATAGONIA\u201d.<\/p>\n\n\n\n<p>\u201cDESQUICIADO (en la Patagonia)\u201d es un show de mon\u00f3logos, m\u00fasica y contenido audiovisual con el humor como base, en un intento de Uke salvar al mundo, o al menos salvarse \u00e9l de la locura de Buenos Aires, lugar donde naci\u00f3 este espect\u00e1culo. M\u00e1ss que un show de stand up es una cat\u00e1rsis, una charla con el p\u00fablico donde toca temas tan variados como ser pobre a los 40, el ecologismo, los neo-jipis palermitanos, la locura del matrimonio y la discusi\u00f3n en las parejas, las ventajas de ser t\u00edo y el miedo a ser padre, la intolerancia en las grandes ciudades, la auto-declarada &#8220;gente de bien&#8221; y qu\u00e9 es realmente ser una buena persona, las bandas de reggae y un gran etc que tambi\u00e9n incluye la relaci\u00f3n con su madre, la iglesia, el sexo y muchos temas m\u00e1s, donde el p\u00fablico se identifica, o comprende sus padecimientos, y se va de viaje apareciendo la risa como v\u00eda y efecto sanador.<\/p>\n\n\n\n<p>Entrada General $1200.- En venta en la boleter\u00eda del Centro Cultural.-<br>Duraci\u00f3n: 70 minutos.-<\/p>\n\n\n\n<p>Sobre Uke Geraci<br>Actor, docente teatral y comediante. Formado en teatro en la Escuela Municipal de Arte Dram\u00e1tico de BsAs; y con los maestros Agust\u00edn Alezzo y Guillermo Angelleli; con una extensa carrera de 20 a\u00f1os tanto en teatro oficial como under, cine y TV.<\/p>\n\n\n\n<p>En stand up se form\u00f3 con Fernando Sanjiao. Particip\u00f3 en dos ocasiones del Festival Ciudad Emergente (2014\/2015); fue uno de los ganadores del 1er Concurso Nacional de Stand Up obteniendo a su vez la menci\u00f3n al mejor comediante. Grab\u00f3 en tres ocasiones sus rutinas de comedia para Canal 9, y en 2017 particip\u00f3 de los especiales de Comedy Central transmitidos por Telef\u00e9. En los \u00faltimos a\u00f1os realiz\u00f3 temporadas de verano en la costa y llev\u00f3 su unipersonal de Stand Up por todo el pa\u00eds, Uruguay, y Bolivia.<\/p>\n\n\n\n<p>Desde 2020 se presenta todas las temporadas de verano en Puerto Madryn con su show &#8220;Desquiciado en la Patagonia&#8221;, con el que actualmente recorre el pa\u00eds de forma itinerante.<\/p>\n","protected":false},"excerpt":{"rendered":"<p>El pr\u00f3ximo s\u00e1bado, 04 de marzo, a las 22hs, en nuestra querida Sala Amankay, vamos a disfrutar una divertid\u00edsima noche de Stand Up junto a Uke Geraci y su imperdible \u201cDESQUICIADO EN LA PATAGONIA\u201d. \u201cDESQUICIADO (en la Patagonia)\u201d es un show de mon\u00f3logos, m\u00fasica y contenido audiovisual con el humor como base, en un intento de Uke salvar al mundo, o al menos salvarse \u00e9l &hellip; <a href=\"https:\/\/cultura.sma.gob.ar\/?p=4507\" class=\"more-link\">Continue reading <span class=\"screen-reader-text\">Uke Geraci llega con &#8220;DESQUICIADO EN LA PATAGONIA&#8221; a la Sala Amankay<\/span><\/a><\/p>\n","protected":false},"author":1,"featured_media":297,"comment_status":"closed","ping_status":"","sticky":false,"template":"","format":"image","meta":{"footnotes":""},"categories":[2,9],"tags":[],"class_list":["post-4507","post","type-post","status-publish","format-image","has-post-thumbnail","hentry","category-ciudad-cultural","category-ultimas-noticias","post_format-post-format-image"],"_links":{"self":[{"href":"https:\/\/cultura.sma.gob.ar\/index.php?rest_route=\/wp\/v2\/posts\/4507","targetHints":{"allow":["GET"]}}],"collection":[{"href":"https:\/\/cultura.sma.gob.ar\/index.php?rest_route=\/wp\/v2\/posts"}],"about":[{"href":"https:\/\/cultura.sma.gob.ar\/index.php?rest_route=\/wp\/v2\/types\/post"}],"author":[{"embeddable":true,"href":"https:\/\/cultura.sma.gob.ar\/index.php?rest_route=\/wp\/v2\/users\/1"}],"replies":[{"embeddable":true,"href":"https:\/\/cultura.sma.gob.ar\/index.php?rest_route=%2Fwp%2Fv2%2Fcomments&post=4507"}],"version-history":[{"count":1,"href":"https:\/\/cultura.sma.gob.ar\/index.php?rest_route=\/wp\/v2\/posts\/4507\/revisions"}],"predecessor-version":[{"id":4509,"href":"https:\/\/cultura.sma.gob.ar\/index.php?rest_route=\/wp\/v2\/posts\/4507\/revisions\/4509"}],"wp:featuredmedia":[{"embeddable":true,"href":"https:\/\/cultura.sma.gob.ar\/index.php?rest_route=\/wp\/v2\/media\/297"}],"wp:attachment":[{"href":"https:\/\/cultura.sma.gob.ar\/index.php?rest_route=%2Fwp%2Fv2%2Fmedia&parent=4507"}],"wp:term":[{"taxonomy":"category","embeddable":true,"href":"https:\/\/cultura.sma.gob.ar\/index.php?rest_route=%2Fwp%2Fv2%2Fcategories&post=4507"},{"taxonomy":"post_tag","embeddable":true,"href":"https:\/\/cultura.sma.gob.ar\/index.php?rest_route=%2Fwp%2Fv2%2Ftags&post=4507"}],"curies":[{"name":"wp","href":"https:\/\/api.w.org\/{rel}","templated":true}]}}