{"id":4496,"date":"2023-02-07T18:57:24","date_gmt":"2023-02-07T21:57:24","guid":{"rendered":"http:\/\/cultura.sma.gob.ar\/?p=4496"},"modified":"2023-02-16T21:02:19","modified_gmt":"2023-02-17T00:02:19","slug":"se-viene-el-12-carnaval-intercultural-cordillerano","status":"publish","type":"post","link":"https:\/\/cultura.sma.gob.ar\/?p=4496","title":{"rendered":"Se viene el 12\u00b0 Carnaval Intercultural Cordillerano"},"content":{"rendered":"\n<figure class=\"wp-block-image size-large\"><img loading=\"lazy\" decoding=\"async\" width=\"818\" height=\"1024\" src=\"http:\/\/cultura.sma.gob.ar\/wp-content\/uploads\/2023\/02\/Carnaval-2023-02-818x1024.jpg\" alt=\"\" class=\"wp-image-4497\" srcset=\"https:\/\/cultura.sma.gob.ar\/wp-content\/uploads\/2023\/02\/Carnaval-2023-02-818x1024.jpg 818w, https:\/\/cultura.sma.gob.ar\/wp-content\/uploads\/2023\/02\/Carnaval-2023-02-240x300.jpg 240w, https:\/\/cultura.sma.gob.ar\/wp-content\/uploads\/2023\/02\/Carnaval-2023-02-768x962.jpg 768w, https:\/\/cultura.sma.gob.ar\/wp-content\/uploads\/2023\/02\/Carnaval-2023-02-1226x1536.jpg 1226w, https:\/\/cultura.sma.gob.ar\/wp-content\/uploads\/2023\/02\/Carnaval-2023-02-1635x2048.jpg 1635w, https:\/\/cultura.sma.gob.ar\/wp-content\/uploads\/2023\/02\/Carnaval-2023-02-72x90.jpg 72w, https:\/\/cultura.sma.gob.ar\/wp-content\/uploads\/2023\/02\/Carnaval-2023-02-scaled.jpg 2044w\" sizes=\"auto, (max-width: 818px) 100vw, 818px\" \/><\/figure>\n\n\n\n<p>Desde el s\u00e1bado 18 al lunes 20 de febrero viviremos una nueva edici\u00f3n del Carnaval Intercultural Cordillerano, uno de los acontecimientos culturales m\u00e1s convocantes de nuestra localidad, que contar\u00e1 con la participaci\u00f3n de murgas, caporales, batucadas y comparsas, de San Mart\u00edn de los Andes y de otras localidades de la regi\u00f3n y el pa\u00eds.<\/p>\n\n\n\n<p>Por primera vez la organizaci\u00f3n del Carnaval Intercultural Cordillerano est\u00e1 a cargo de una comisi\u00f3n, conformada de acuerdo a lo que establece la Ordenanza Municipal 10652\/15. Esta Comisi\u00f3n Organizadora est\u00e1 integrada por agrupaciones carnavaleras locales y representantes de las juntas vecinales de los barrios que ser\u00e1n sede del evento.<\/p>\n\n\n\n<p>Uno de los atributos m\u00e1s valorados del Carnaval de San Mart\u00edn de los Andes es que siempre incluye en su programaci\u00f3n desfiles en los barrios: en esta oportunidad se iniciar\u00e1 el s\u00e1bado 18 en Vega Maip\u00fa, continuar\u00e1 el domingo 19 en El Arenal y finalizar\u00e1 el feriado del lunes 20 en el centro de la ciudad.<\/p>\n\n\n\n<p>Compartimos la programaci\u00f3n completa para este 12\u00ba Carnaval Intercultural Cordillerano:<\/p>\n\n\n\n<p><strong>COMPARTIMOS LA PROGRAMACI\u00d3N DEL 12\u00ba CARNAVAL INTERCULTURAL CORDILLERANO<\/strong><br><\/p>\n\n\n\n<p><strong>S\u00c1BADO 18 DE FEBRERO &#8211; BARRIO VEGA MAIP\u00da<\/strong><\/p>\n\n\n\n<p><strong>DESFILE:<\/strong><\/p>\n\n\n\n<ul class=\"wp-block-list\"><li>Wara de los Andes , Comparsa (SMA)<\/li><li>Aquelarre Sure\u00f1o (SMA)<\/li><li>El Sue\u00f1o del Pibe (SMA)<\/li><li>Aut\u00e9nticos de la Noche (Zapala)<\/li><li>Amantes de los Sue\u00f1os (SMA)<\/li><li>Apretando los dientes (SMA)<\/li><li>Corazones de Oro (Plaza Huincul)<\/li><li>Wara de los Andes (SMA) y Virgen de la Candelaria (C\u00f3rdoba)<br><\/li><li><strong>DOMINGO 19 DE FEBRERO-  Barrio El Arenal<br><\/strong><\/li><li><strong>Desfile<\/strong><br><\/li><li>Llamada de apertura: Barricada (SMA)<\/li><li>Wara de los Andes (SMA)<\/li><li>Agarrate que llegamos (Cinco Saltos)<\/li><li>El Sue\u00f1o del Pibe (SMA)<\/li><li>Corazones de Oro (Plaza Huincul)<\/li><li>Kaypacha (SMA)<\/li><li>Apretando los Dientes (SMA)<\/li><li>Aut\u00e9nticos de la Noche (Zapala)<\/li><li>Piedra Libre y Abibombas (Cutral C\u00f3 y Neuqu\u00e9n)<\/li><li>Delirio Rojo y Negro (SMA)<\/li><li>Wara de los Andes (Caporal)<\/li><li>Espantadores de Mufa (Zapala)<\/li><li>La Piantada disparaturga (Neuqu\u00e9n)<\/li><li>Aquelarre sure\u00f1o (SMA)<\/li><li>Amantes de los Sue\u00f1os (SMA)<\/li><li>Virgen de la Candelaria (C\u00f3rdoba)<\/li><li>Odara (SMA)<\/li><li><strong>IMPORTANTE: Se realizar\u00e1 la quema de un Rey Momo a las 00 hs.<\/strong><br><\/li><li><strong>DOMINGO 20 DE FEBRERO &#8211; ZONA CENTRO<br>Escenario &#8211; 16.00 hs.<\/strong><br><\/li><li>16.00hs. Espantadores de Mufa (Zapala)<\/li><li>16.20hs. Apretando los dientes (SMA)<\/li><li>16.40hs. Aquelarre sure\u00f1o (SMA)<\/li><li>17.00hs. Odara (SMA)<\/li><li>17.20hs. Agarrate que llegamos (Cinco Saltos)<\/li><li>17.40hs. La Piantada Disparaturga (Neuqu\u00e9n)<\/li><li>18.00hs. Abibombas (Neuqu\u00e9n)<\/li><li>18.20hs. El sue\u00f1o del pibe (SMA)<\/li><li>18.40hs. Aut\u00e9nticos de la noche (Zapala)<\/li><li>19.00hs. Kaypacha (SMA)<\/li><li>19.20hs. Piedra Libre (Cutral C\u00f3)<br><\/li><li><strong>Desfile &#8211; 20.00hs<\/strong><\/li><li>Barricada (SMA)<\/li><li>El sue\u00f1o del pibe (SMA)<\/li><li>Agarrate que llegamos (Cinco Saltos)<\/li><li>Delirio rojo y negro (SMA)<\/li><li>Apretando los dientes (SMA)<\/li><li>Wara de los Andes, Caporal (SMA)<\/li><li>Aut\u00e9nticos de la Noche (Zapala)<\/li><li>Amantes de los Sue\u00f1os (SMA)<\/li><li>Abibombas y Piedra Libre (Neuqu\u00e9n y Cutral C\u00f3)<\/li><li>Aquelarre y Agitando la Pata (SMA y Jun\u00edn de los Andes)<\/li><li>La Piantada Disparaturga (Neuqu\u00e9n)<\/li><li>Espantadores de Mufa (Zapala)<\/li><li>Virgen de la Candelaria (C\u00f3rdoba)<\/li><li>Comparsa Papelito (Jun\u00edn de los Andes)<\/li><li>Andumba (SMA)<\/li><li>Kaypacha (SMA)<\/li><li>Wara de los Andes (Comparsa)<\/li><li>Comparsa Xiomara (Jun\u00edn de los Andes)<\/li><\/ul>\n","protected":false},"excerpt":{"rendered":"<p>Desde el s\u00e1bado 18 al lunes 20 de febrero viviremos una nueva edici\u00f3n del Carnaval Intercultural Cordillerano, uno de los acontecimientos culturales m\u00e1s convocantes de nuestra localidad, que contar\u00e1 con la participaci\u00f3n de murgas, caporales, batucadas y comparsas, de San Mart\u00edn de los Andes y de otras localidades de la regi\u00f3n y el pa\u00eds. Por primera vez la organizaci\u00f3n del Carnaval Intercultural Cordillerano est\u00e1 a &hellip; <a href=\"https:\/\/cultura.sma.gob.ar\/?p=4496\" class=\"more-link\">Continue reading <span class=\"screen-reader-text\">Se viene el 12\u00b0 Carnaval Intercultural Cordillerano<\/span><\/a><\/p>\n","protected":false},"author":1,"featured_media":296,"comment_status":"closed","ping_status":"","sticky":false,"template":"","format":"image","meta":{"footnotes":""},"categories":[3,9],"tags":[],"class_list":["post-4496","post","type-post","status-publish","format-image","has-post-thumbnail","hentry","category-eventos-cultura","category-ultimas-noticias","post_format-post-format-image"],"_links":{"self":[{"href":"https:\/\/cultura.sma.gob.ar\/index.php?rest_route=\/wp\/v2\/posts\/4496","targetHints":{"allow":["GET"]}}],"collection":[{"href":"https:\/\/cultura.sma.gob.ar\/index.php?rest_route=\/wp\/v2\/posts"}],"about":[{"href":"https:\/\/cultura.sma.gob.ar\/index.php?rest_route=\/wp\/v2\/types\/post"}],"author":[{"embeddable":true,"href":"https:\/\/cultura.sma.gob.ar\/index.php?rest_route=\/wp\/v2\/users\/1"}],"replies":[{"embeddable":true,"href":"https:\/\/cultura.sma.gob.ar\/index.php?rest_route=%2Fwp%2Fv2%2Fcomments&post=4496"}],"version-history":[{"count":3,"href":"https:\/\/cultura.sma.gob.ar\/index.php?rest_route=\/wp\/v2\/posts\/4496\/revisions"}],"predecessor-version":[{"id":4504,"href":"https:\/\/cultura.sma.gob.ar\/index.php?rest_route=\/wp\/v2\/posts\/4496\/revisions\/4504"}],"wp:featuredmedia":[{"embeddable":true,"href":"https:\/\/cultura.sma.gob.ar\/index.php?rest_route=\/wp\/v2\/media\/296"}],"wp:attachment":[{"href":"https:\/\/cultura.sma.gob.ar\/index.php?rest_route=%2Fwp%2Fv2%2Fmedia&parent=4496"}],"wp:term":[{"taxonomy":"category","embeddable":true,"href":"https:\/\/cultura.sma.gob.ar\/index.php?rest_route=%2Fwp%2Fv2%2Fcategories&post=4496"},{"taxonomy":"post_tag","embeddable":true,"href":"https:\/\/cultura.sma.gob.ar\/index.php?rest_route=%2Fwp%2Fv2%2Ftags&post=4496"}],"curies":[{"name":"wp","href":"https:\/\/api.w.org\/{rel}","templated":true}]}}