{"id":4492,"date":"2023-02-06T19:10:19","date_gmt":"2023-02-06T22:10:19","guid":{"rendered":"http:\/\/cultura.sma.gob.ar\/?p=4492"},"modified":"2023-03-13T19:27:15","modified_gmt":"2023-03-13T22:27:15","slug":"llega-la-expo-colectiva-de-artistas-locales-y-regionales","status":"publish","type":"post","link":"https:\/\/cultura.sma.gob.ar\/?p=4492","title":{"rendered":"Llega la Expo Colectiva de Artistas Locales y Regionales (Finalizada)"},"content":{"rendered":"\n<figure class=\"wp-block-image size-large\"><img loading=\"lazy\" decoding=\"async\" width=\"1024\" height=\"1024\" src=\"http:\/\/cultura.sma.gob.ar\/wp-content\/uploads\/2023\/02\/Flyers-Expo-Colectiva-FEB2023_1x1-C-1024x1024.jpg\" alt=\"\" class=\"wp-image-4493\" srcset=\"https:\/\/cultura.sma.gob.ar\/wp-content\/uploads\/2023\/02\/Flyers-Expo-Colectiva-FEB2023_1x1-C-1024x1024.jpg 1024w, https:\/\/cultura.sma.gob.ar\/wp-content\/uploads\/2023\/02\/Flyers-Expo-Colectiva-FEB2023_1x1-C-300x300.jpg 300w, https:\/\/cultura.sma.gob.ar\/wp-content\/uploads\/2023\/02\/Flyers-Expo-Colectiva-FEB2023_1x1-C-150x150.jpg 150w, https:\/\/cultura.sma.gob.ar\/wp-content\/uploads\/2023\/02\/Flyers-Expo-Colectiva-FEB2023_1x1-C-768x767.jpg 768w, https:\/\/cultura.sma.gob.ar\/wp-content\/uploads\/2023\/02\/Flyers-Expo-Colectiva-FEB2023_1x1-C-90x90.jpg 90w, https:\/\/cultura.sma.gob.ar\/wp-content\/uploads\/2023\/02\/Flyers-Expo-Colectiva-FEB2023_1x1-C.jpg 1081w\" sizes=\"auto, (max-width: 1024px) 100vw, 1024px\" \/><\/figure>\n\n\n\n<p>Este viernes 10 de febrero llega a la Sala Municipal de Exposiciones Lidaura Chapitel una nueva edici\u00f3n de la Expo Colectiva de Artistas Locales y Regionales.<\/p>\n\n\n\n<p>Una exposici\u00f3n que invita a la comunidad a conocer la diversidad de lenguajes y materiales con que trabajan los artistas visuales actuales de nuestra escena local y regional.<\/p>\n\n\n\n<p>La inauguraci\u00f3n ser\u00e1 a las 20:30 horas y la muestra estar\u00e1 vigente del 10 de febrero hasta el 8 de marzo y se podr\u00e1 visitar de lunes a viernes de 10 a 12 y de 17 a 21 horas, y los s\u00e1bados de 17 a 21 horas, con entrada libre y gratuita<\/p>\n","protected":false},"excerpt":{"rendered":"<p>Este viernes 10 de febrero llega a la Sala Municipal de Exposiciones Lidaura Chapitel una nueva edici\u00f3n de la Expo Colectiva de Artistas Locales y Regionales. Una exposici\u00f3n que invita a la comunidad a conocer la diversidad de lenguajes y materiales con que trabajan los artistas visuales actuales de nuestra escena local y regional. La inauguraci\u00f3n ser\u00e1 a las 20:30 horas y la muestra estar\u00e1 &hellip; <a href=\"https:\/\/cultura.sma.gob.ar\/?p=4492\" class=\"more-link\">Continue reading <span class=\"screen-reader-text\">Llega la Expo Colectiva de Artistas Locales y Regionales (Finalizada)<\/span><\/a><\/p>\n","protected":false},"author":1,"featured_media":295,"comment_status":"closed","ping_status":"","sticky":false,"template":"","format":"image","meta":{"footnotes":""},"categories":[6,9],"tags":[],"class_list":["post-4492","post","type-post","status-publish","format-image","has-post-thumbnail","hentry","category-sala-lidaura-chapitel","category-ultimas-noticias","post_format-post-format-image"],"_links":{"self":[{"href":"https:\/\/cultura.sma.gob.ar\/index.php?rest_route=\/wp\/v2\/posts\/4492","targetHints":{"allow":["GET"]}}],"collection":[{"href":"https:\/\/cultura.sma.gob.ar\/index.php?rest_route=\/wp\/v2\/posts"}],"about":[{"href":"https:\/\/cultura.sma.gob.ar\/index.php?rest_route=\/wp\/v2\/types\/post"}],"author":[{"embeddable":true,"href":"https:\/\/cultura.sma.gob.ar\/index.php?rest_route=\/wp\/v2\/users\/1"}],"replies":[{"embeddable":true,"href":"https:\/\/cultura.sma.gob.ar\/index.php?rest_route=%2Fwp%2Fv2%2Fcomments&post=4492"}],"version-history":[{"count":2,"href":"https:\/\/cultura.sma.gob.ar\/index.php?rest_route=\/wp\/v2\/posts\/4492\/revisions"}],"predecessor-version":[{"id":4541,"href":"https:\/\/cultura.sma.gob.ar\/index.php?rest_route=\/wp\/v2\/posts\/4492\/revisions\/4541"}],"wp:featuredmedia":[{"embeddable":true,"href":"https:\/\/cultura.sma.gob.ar\/index.php?rest_route=\/wp\/v2\/media\/295"}],"wp:attachment":[{"href":"https:\/\/cultura.sma.gob.ar\/index.php?rest_route=%2Fwp%2Fv2%2Fmedia&parent=4492"}],"wp:term":[{"taxonomy":"category","embeddable":true,"href":"https:\/\/cultura.sma.gob.ar\/index.php?rest_route=%2Fwp%2Fv2%2Fcategories&post=4492"},{"taxonomy":"post_tag","embeddable":true,"href":"https:\/\/cultura.sma.gob.ar\/index.php?rest_route=%2Fwp%2Fv2%2Ftags&post=4492"}],"curies":[{"name":"wp","href":"https:\/\/api.w.org\/{rel}","templated":true}]}}