{"id":449,"date":"2020-10-26T13:28:31","date_gmt":"2020-10-26T16:28:31","guid":{"rendered":"http:\/\/cultura.sma.gob.ar\/?p=449"},"modified":"2020-10-26T13:28:31","modified_gmt":"2020-10-26T16:28:31","slug":"tres-jovenes-sanmartinenses-finalistas-de-los-juegos-culturales-neuquinos-2020","status":"publish","type":"post","link":"https:\/\/cultura.sma.gob.ar\/?p=449","title":{"rendered":"Tres j\u00f3venes sanmartinenses finalistas de los Juegos Culturales Neuquinos 2020"},"content":{"rendered":"\n\n\n<p>Con enorme orgullo y alegr\u00eda, compartimos los nombres de los tres j\u00f3venes que han participado en representaci\u00f3n de nuestra localidad en la <strong>instancia provincial de los Juegos Culturales Neuquinos<\/strong>, celebrados a fin de la semana pasada,&nbsp; y obtuvieron puestos finalistas:<\/p>\n\n\n\n<p>Categor\u00eda SUB 15:<\/p>\n\n\n\n<ul class=\"wp-block-list\"><li>Segundo puesto en Fotograf\u00eda: <strong>AYLIN PERALTA CODAGNONE<\/strong><\/li><li>Tercer puesto en Cuento:<strong> MATEO BARROS<\/strong><\/li><\/ul>\n\n\n\n<p>Categor\u00eda SUB 18:<\/p>\n\n\n\n<ul class=\"wp-block-list\"><li>Primer puesto en Poes\u00eda: <strong>ALFARO NAIRA<\/strong> &#8211; <strong>Representar\u00e1 a San Mart\u00edn y Neuqu\u00e9n en la instancia final Nacional.<\/strong><\/li><\/ul>\n\n\n\n<p>Felicitamos a todos los que se inscribieron, produjeron sus obras y participaron en estos Juegos Culturales. Sabemos que este a\u00f1o supuso un esfuerzo extra, y por eso el aplauso es doble.<\/p>\n","protected":false},"excerpt":{"rendered":"<p>Con enorme orgullo y alegr\u00eda, compartimos los nombres de los tres j\u00f3venes que han participado en representaci\u00f3n de nuestra localidad en la instancia provincial de los Juegos Culturales Neuquinos, celebrados a fin de la semana pasada,&nbsp; y obtuvieron puestos finalistas: Categor\u00eda SUB 15: Segundo puesto en Fotograf\u00eda: AYLIN PERALTA CODAGNONE Tercer puesto en Cuento: MATEO BARROS Categor\u00eda SUB 18: Primer puesto en Poes\u00eda: ALFARO NAIRA &hellip; <a href=\"https:\/\/cultura.sma.gob.ar\/?p=449\" class=\"more-link\">Continue reading <span class=\"screen-reader-text\">Tres j\u00f3venes sanmartinenses finalistas de los Juegos Culturales Neuquinos 2020<\/span><\/a><\/p>\n","protected":false},"author":1,"featured_media":296,"comment_status":"closed","ping_status":"","sticky":false,"template":"","format":"image","meta":{"footnotes":""},"categories":[9],"tags":[],"class_list":["post-449","post","type-post","status-publish","format-image","has-post-thumbnail","hentry","category-ultimas-noticias","post_format-post-format-image"],"_links":{"self":[{"href":"https:\/\/cultura.sma.gob.ar\/index.php?rest_route=\/wp\/v2\/posts\/449","targetHints":{"allow":["GET"]}}],"collection":[{"href":"https:\/\/cultura.sma.gob.ar\/index.php?rest_route=\/wp\/v2\/posts"}],"about":[{"href":"https:\/\/cultura.sma.gob.ar\/index.php?rest_route=\/wp\/v2\/types\/post"}],"author":[{"embeddable":true,"href":"https:\/\/cultura.sma.gob.ar\/index.php?rest_route=\/wp\/v2\/users\/1"}],"replies":[{"embeddable":true,"href":"https:\/\/cultura.sma.gob.ar\/index.php?rest_route=%2Fwp%2Fv2%2Fcomments&post=449"}],"version-history":[{"count":1,"href":"https:\/\/cultura.sma.gob.ar\/index.php?rest_route=\/wp\/v2\/posts\/449\/revisions"}],"predecessor-version":[{"id":450,"href":"https:\/\/cultura.sma.gob.ar\/index.php?rest_route=\/wp\/v2\/posts\/449\/revisions\/450"}],"wp:featuredmedia":[{"embeddable":true,"href":"https:\/\/cultura.sma.gob.ar\/index.php?rest_route=\/wp\/v2\/media\/296"}],"wp:attachment":[{"href":"https:\/\/cultura.sma.gob.ar\/index.php?rest_route=%2Fwp%2Fv2%2Fmedia&parent=449"}],"wp:term":[{"taxonomy":"category","embeddable":true,"href":"https:\/\/cultura.sma.gob.ar\/index.php?rest_route=%2Fwp%2Fv2%2Fcategories&post=449"},{"taxonomy":"post_tag","embeddable":true,"href":"https:\/\/cultura.sma.gob.ar\/index.php?rest_route=%2Fwp%2Fv2%2Ftags&post=449"}],"curies":[{"name":"wp","href":"https:\/\/api.w.org\/{rel}","templated":true}]}}