{"id":4488,"date":"2023-02-05T13:55:27","date_gmt":"2023-02-05T16:55:27","guid":{"rendered":"http:\/\/cultura.sma.gob.ar\/?p=4488"},"modified":"2023-02-05T13:55:27","modified_gmt":"2023-02-05T16:55:27","slug":"recorrido-peatonal-patrimonio-arquitectonico-de-san-martin-de-los-andes-2","status":"publish","type":"post","link":"https:\/\/cultura.sma.gob.ar\/?p=4488","title":{"rendered":"RECORRIDO PEATONAL: Patrimonio Arquitect\u00f3nico de San Mart\u00edn de los Andes"},"content":{"rendered":"\n<figure class=\"wp-block-image size-large\"><img loading=\"lazy\" decoding=\"async\" width=\"1024\" height=\"1024\" src=\"http:\/\/cultura.sma.gob.ar\/wp-content\/uploads\/2023\/02\/A-VisitasGuiadas-Flyer_1x1-1024x1024.jpg\" alt=\"\" class=\"wp-image-4489\" srcset=\"https:\/\/cultura.sma.gob.ar\/wp-content\/uploads\/2023\/02\/A-VisitasGuiadas-Flyer_1x1-1024x1024.jpg 1024w, https:\/\/cultura.sma.gob.ar\/wp-content\/uploads\/2023\/02\/A-VisitasGuiadas-Flyer_1x1-300x300.jpg 300w, https:\/\/cultura.sma.gob.ar\/wp-content\/uploads\/2023\/02\/A-VisitasGuiadas-Flyer_1x1-150x150.jpg 150w, https:\/\/cultura.sma.gob.ar\/wp-content\/uploads\/2023\/02\/A-VisitasGuiadas-Flyer_1x1-768x768.jpg 768w, https:\/\/cultura.sma.gob.ar\/wp-content\/uploads\/2023\/02\/A-VisitasGuiadas-Flyer_1x1-90x90.jpg 90w, https:\/\/cultura.sma.gob.ar\/wp-content\/uploads\/2023\/02\/A-VisitasGuiadas-Flyer_1x1.jpg 1080w\" sizes=\"auto, (max-width: 1024px) 100vw, 1024px\" \/><\/figure>\n\n\n\n<p><br>Todos los s\u00e1bados de febrero (11, 18 y 25) a las 19 hs, se realizar\u00e1 un recorrido peatonal por el patrimonio arquitect\u00f3nico de nuestra ciudad.<\/p>\n\n\n\n<p>Las visitas guiadas ser\u00e1n gratuitas y para hacerlas deber\u00e1n anotarse en el Museo Primeros Pobladores (Juan Manuel de Rosas 700), punto de partida del recorrido. La duraci\u00f3n es de una hora.<\/p>\n\n\n\n<p>Para m\u00e1s informaci\u00f3n comunicarse al 412 306.<\/p>\n\n\n\n<p><\/p>\n","protected":false},"excerpt":{"rendered":"<p>Todos los s\u00e1bados de febrero (11, 18 y 25) a las 19 hs, se realizar\u00e1 un recorrido peatonal por el patrimonio arquitect\u00f3nico de nuestra ciudad. Las visitas guiadas ser\u00e1n gratuitas y para hacerlas deber\u00e1n anotarse en el Museo Primeros Pobladores (Juan Manuel de Rosas 700), punto de partida del recorrido. La duraci\u00f3n es de una hora. Para m\u00e1s informaci\u00f3n comunicarse al 412 306. <a href=\"https:\/\/cultura.sma.gob.ar\/?p=4488\" class=\"more-link\">Continue reading <span class=\"screen-reader-text\">RECORRIDO PEATONAL: Patrimonio Arquitect\u00f3nico de San Mart\u00edn de los Andes<\/span><\/a><\/p>\n","protected":false},"author":1,"featured_media":294,"comment_status":"closed","ping_status":"","sticky":false,"template":"","format":"image","meta":{"footnotes":""},"categories":[4,9],"tags":[],"class_list":["post-4488","post","type-post","status-publish","format-image","has-post-thumbnail","hentry","category-museo-primeros-pobladores","category-ultimas-noticias","post_format-post-format-image"],"_links":{"self":[{"href":"https:\/\/cultura.sma.gob.ar\/index.php?rest_route=\/wp\/v2\/posts\/4488","targetHints":{"allow":["GET"]}}],"collection":[{"href":"https:\/\/cultura.sma.gob.ar\/index.php?rest_route=\/wp\/v2\/posts"}],"about":[{"href":"https:\/\/cultura.sma.gob.ar\/index.php?rest_route=\/wp\/v2\/types\/post"}],"author":[{"embeddable":true,"href":"https:\/\/cultura.sma.gob.ar\/index.php?rest_route=\/wp\/v2\/users\/1"}],"replies":[{"embeddable":true,"href":"https:\/\/cultura.sma.gob.ar\/index.php?rest_route=%2Fwp%2Fv2%2Fcomments&post=4488"}],"version-history":[{"count":1,"href":"https:\/\/cultura.sma.gob.ar\/index.php?rest_route=\/wp\/v2\/posts\/4488\/revisions"}],"predecessor-version":[{"id":4490,"href":"https:\/\/cultura.sma.gob.ar\/index.php?rest_route=\/wp\/v2\/posts\/4488\/revisions\/4490"}],"wp:featuredmedia":[{"embeddable":true,"href":"https:\/\/cultura.sma.gob.ar\/index.php?rest_route=\/wp\/v2\/media\/294"}],"wp:attachment":[{"href":"https:\/\/cultura.sma.gob.ar\/index.php?rest_route=%2Fwp%2Fv2%2Fmedia&parent=4488"}],"wp:term":[{"taxonomy":"category","embeddable":true,"href":"https:\/\/cultura.sma.gob.ar\/index.php?rest_route=%2Fwp%2Fv2%2Fcategories&post=4488"},{"taxonomy":"post_tag","embeddable":true,"href":"https:\/\/cultura.sma.gob.ar\/index.php?rest_route=%2Fwp%2Fv2%2Ftags&post=4488"}],"curies":[{"name":"wp","href":"https:\/\/api.w.org\/{rel}","templated":true}]}}