{"id":4477,"date":"2023-01-30T20:55:55","date_gmt":"2023-01-30T23:55:55","guid":{"rendered":"http:\/\/cultura.sma.gob.ar\/?p=4477"},"modified":"2023-01-30T20:55:55","modified_gmt":"2023-01-30T23:55:55","slug":"charla-metafisica-en-el-centro-cultural-cotesma","status":"publish","type":"post","link":"https:\/\/cultura.sma.gob.ar\/?p=4477","title":{"rendered":"Charla metaf\u00edsica en el Centro Cultural Cotesma"},"content":{"rendered":"\n<figure class=\"wp-block-image size-large\"><img loading=\"lazy\" decoding=\"async\" width=\"768\" height=\"960\" src=\"http:\/\/cultura.sma.gob.ar\/wp-content\/uploads\/2023\/01\/Flyer.png\" alt=\"\" class=\"wp-image-4478\" srcset=\"https:\/\/cultura.sma.gob.ar\/wp-content\/uploads\/2023\/01\/Flyer.png 768w, https:\/\/cultura.sma.gob.ar\/wp-content\/uploads\/2023\/01\/Flyer-240x300.png 240w, https:\/\/cultura.sma.gob.ar\/wp-content\/uploads\/2023\/01\/Flyer-72x90.png 72w\" sizes=\"auto, (max-width: 768px) 100vw, 768px\" \/><\/figure>\n\n\n\n<p>EL jueves 16 de Febrero en nuestra sala G\u00fcnther Blaas, tendremos una charla de Metaf\u00edsica a las 20hs a cargo de&nbsp;Fernando Candiotto. La actividad comienza puntual. Los esperamos a todos.&nbsp;&nbsp;METAF\u00cdSICA \u2013 Ense\u00f1anza Interna&nbsp;ACTIVIDAD PRESENCIAL&nbsp;&#8220;\u00c1NGELES DEL AMOR&#8221;&nbsp;-Arc\u00e1ngel Chamuel-Alquimia pr\u00e1ctica-Ciencia de la Gratitud-Llave de la Libertad-Amor inego\u00edsta&nbsp;Por Fernando Candiotto&nbsp;\u2705JUEVES 16 DE FEBRERO DE 2023&nbsp;\ud83d\udd5420 H.&nbsp;CENTRO CULTURAL COTESMAGeneral Roca 1154San Mart\u00edn de los AndesProv. de Neuqu\u00e9n. Argentina&nbsp;Informaci\u00f3n:Facebook: Metaf\u00edsica R\u00edo Negro y Neuqu\u00e9n&nbsp;Instagram: @metafisicarionegroyneuqu\u00e9n&nbsp;WhatsApp 2995045084\/ 2995111269Mail:&nbsp;<a href=\"https:\/\/correo.smandes.gov.ar\/owa\/redir.aspx?C=e7c0f927d1524948b7ad10009a0f2b16&amp;URL=mailto%3alolyferrero%40hotmail.com\">lolyferrero@hotmail.com<\/a>&nbsp;&nbsp;La actividad comienza puntualmente.&nbsp;\ud83d\udd38DONACI\u00d3N AMOROSA:Estas actividades se sostienen con la colaboraci\u00f3n voluntaria y espont\u00e1nea de los participantes, a trav\u00e9s de la Donaci\u00f3n Amorosa.Agradecemos como siempre la difusi\u00f3n del evento.<\/p>\n","protected":false},"excerpt":{"rendered":"<p>EL jueves 16 de Febrero en nuestra sala G\u00fcnther Blaas, tendremos una charla de Metaf\u00edsica a las 20hs a cargo de&nbsp;Fernando Candiotto. La actividad comienza puntual. Los esperamos a todos.&nbsp;&nbsp;METAF\u00cdSICA \u2013 Ense\u00f1anza Interna&nbsp;ACTIVIDAD PRESENCIAL&nbsp;&#8220;\u00c1NGELES DEL AMOR&#8221;&nbsp;-Arc\u00e1ngel Chamuel-Alquimia pr\u00e1ctica-Ciencia de la Gratitud-Llave de la Libertad-Amor inego\u00edsta&nbsp;Por Fernando Candiotto&nbsp;\u2705JUEVES 16 DE FEBRERO DE 2023&nbsp;\ud83d\udd5420 H.&nbsp;CENTRO CULTURAL COTESMAGeneral Roca 1154San Mart\u00edn de los AndesProv. de Neuqu\u00e9n. Argentina&nbsp;Informaci\u00f3n:Facebook: Metaf\u00edsica &hellip; <a href=\"https:\/\/cultura.sma.gob.ar\/?p=4477\" class=\"more-link\">Continue reading <span class=\"screen-reader-text\">Charla metaf\u00edsica en el Centro Cultural Cotesma<\/span><\/a><\/p>\n","protected":false},"author":1,"featured_media":297,"comment_status":"closed","ping_status":"","sticky":false,"template":"","format":"image","meta":{"footnotes":""},"categories":[2,9],"tags":[],"class_list":["post-4477","post","type-post","status-publish","format-image","has-post-thumbnail","hentry","category-ciudad-cultural","category-ultimas-noticias","post_format-post-format-image"],"_links":{"self":[{"href":"https:\/\/cultura.sma.gob.ar\/index.php?rest_route=\/wp\/v2\/posts\/4477","targetHints":{"allow":["GET"]}}],"collection":[{"href":"https:\/\/cultura.sma.gob.ar\/index.php?rest_route=\/wp\/v2\/posts"}],"about":[{"href":"https:\/\/cultura.sma.gob.ar\/index.php?rest_route=\/wp\/v2\/types\/post"}],"author":[{"embeddable":true,"href":"https:\/\/cultura.sma.gob.ar\/index.php?rest_route=\/wp\/v2\/users\/1"}],"replies":[{"embeddable":true,"href":"https:\/\/cultura.sma.gob.ar\/index.php?rest_route=%2Fwp%2Fv2%2Fcomments&post=4477"}],"version-history":[{"count":1,"href":"https:\/\/cultura.sma.gob.ar\/index.php?rest_route=\/wp\/v2\/posts\/4477\/revisions"}],"predecessor-version":[{"id":4479,"href":"https:\/\/cultura.sma.gob.ar\/index.php?rest_route=\/wp\/v2\/posts\/4477\/revisions\/4479"}],"wp:featuredmedia":[{"embeddable":true,"href":"https:\/\/cultura.sma.gob.ar\/index.php?rest_route=\/wp\/v2\/media\/297"}],"wp:attachment":[{"href":"https:\/\/cultura.sma.gob.ar\/index.php?rest_route=%2Fwp%2Fv2%2Fmedia&parent=4477"}],"wp:term":[{"taxonomy":"category","embeddable":true,"href":"https:\/\/cultura.sma.gob.ar\/index.php?rest_route=%2Fwp%2Fv2%2Fcategories&post=4477"},{"taxonomy":"post_tag","embeddable":true,"href":"https:\/\/cultura.sma.gob.ar\/index.php?rest_route=%2Fwp%2Fv2%2Ftags&post=4477"}],"curies":[{"name":"wp","href":"https:\/\/api.w.org\/{rel}","templated":true}]}}