{"id":4468,"date":"2023-01-30T20:50:16","date_gmt":"2023-01-30T23:50:16","guid":{"rendered":"http:\/\/cultura.sma.gob.ar\/?p=4468"},"modified":"2023-01-30T20:50:16","modified_gmt":"2023-01-30T23:50:16","slug":"workshop-de-acrobacias-de-piso-en-el-centro-cultural-cotesma","status":"publish","type":"post","link":"https:\/\/cultura.sma.gob.ar\/?p=4468","title":{"rendered":"Workshop de acrobacias de piso, en el Centro Cultural Cotesma"},"content":{"rendered":"\n<figure class=\"wp-block-image size-large\"><img loading=\"lazy\" decoding=\"async\" width=\"1024\" height=\"1024\" src=\"http:\/\/cultura.sma.gob.ar\/wp-content\/uploads\/2023\/01\/WORKSHOP-ACRO-4-1-1024x1024.png\" alt=\"\" class=\"wp-image-4469\" srcset=\"https:\/\/cultura.sma.gob.ar\/wp-content\/uploads\/2023\/01\/WORKSHOP-ACRO-4-1-1024x1024.png 1024w, https:\/\/cultura.sma.gob.ar\/wp-content\/uploads\/2023\/01\/WORKSHOP-ACRO-4-1-300x300.png 300w, https:\/\/cultura.sma.gob.ar\/wp-content\/uploads\/2023\/01\/WORKSHOP-ACRO-4-1-150x150.png 150w, https:\/\/cultura.sma.gob.ar\/wp-content\/uploads\/2023\/01\/WORKSHOP-ACRO-4-1-768x768.png 768w, https:\/\/cultura.sma.gob.ar\/wp-content\/uploads\/2023\/01\/WORKSHOP-ACRO-4-1-90x90.png 90w, https:\/\/cultura.sma.gob.ar\/wp-content\/uploads\/2023\/01\/WORKSHOP-ACRO-4-1.png 1080w\" sizes=\"auto, (max-width: 1024px) 100vw, 1024px\" \/><\/figure>\n\n\n\n<p>Este Mi\u00e9rcoles 1 de Febrero en nuestra sala G\u00fcnther Blaas tendremos una &#8220;Presentaci\u00f3n de Proyecto&#8221; EXPANSI\u00d3N PATAGONICA, de la mano de Mauricio Leal desde las 20:00hs.\ud83d\udd25 *MI\u00c9RCOLES 01 de FEBRERO* \ud83d\udd25&nbsp;\u26a0\ufe0fATENCI\u00d3N SAN MART\u00cdN DE LOS ANDES\u26a0\ufe0f&nbsp;PRESENTACION DE PROYECTO*&nbsp;\ud83d\udea8APRENDE C\u00d3MO BENEFICIARTE DE LAS NUEVAS TENDENCIAS DIGITALES DE LA MANO DE PROFESIONALES\ud83d\udea8&nbsp;\u2728 Mauricio Leal-P1000&nbsp;\ud83d\udccd\u00bfQueres saber como las personas generan ingresos en el siglo XXI?&nbsp;\ud83d\udc49\ufffd\ufffdTe esperamos este MI\u00c9RCOLES 01 en Centro cultural Cotesma (General Roca 1154)\ud83d\udc48\ufffd\ufffd&nbsp;\u26a0\ufe0fCUPOS LIMITADOS\u26a0\ufe0f<\/p>\n","protected":false},"excerpt":{"rendered":"<p>Este Mi\u00e9rcoles 1 de Febrero en nuestra sala G\u00fcnther Blaas tendremos una &#8220;Presentaci\u00f3n de Proyecto&#8221; EXPANSI\u00d3N PATAGONICA, de la mano de Mauricio Leal desde las 20:00hs.\ud83d\udd25 *MI\u00c9RCOLES 01 de FEBRERO* \ud83d\udd25&nbsp;\u26a0\ufe0fATENCI\u00d3N SAN MART\u00cdN DE LOS ANDES\u26a0\ufe0f&nbsp;PRESENTACION DE PROYECTO*&nbsp;\ud83d\udea8APRENDE C\u00d3MO BENEFICIARTE DE LAS NUEVAS TENDENCIAS DIGITALES DE LA MANO DE PROFESIONALES\ud83d\udea8&nbsp;\u2728 Mauricio Leal-P1000&nbsp;\ud83d\udccd\u00bfQueres saber como las personas generan ingresos en el siglo XXI?&nbsp;\ud83d\udc49\ufffd\ufffdTe esperamos este MI\u00c9RCOLES &hellip; <a href=\"https:\/\/cultura.sma.gob.ar\/?p=4468\" class=\"more-link\">Continue reading <span class=\"screen-reader-text\">Workshop de acrobacias de piso, en el Centro Cultural Cotesma<\/span><\/a><\/p>\n","protected":false},"author":1,"featured_media":297,"comment_status":"closed","ping_status":"","sticky":false,"template":"","format":"image","meta":{"footnotes":""},"categories":[2,9],"tags":[],"class_list":["post-4468","post","type-post","status-publish","format-image","has-post-thumbnail","hentry","category-ciudad-cultural","category-ultimas-noticias","post_format-post-format-image"],"_links":{"self":[{"href":"https:\/\/cultura.sma.gob.ar\/index.php?rest_route=\/wp\/v2\/posts\/4468","targetHints":{"allow":["GET"]}}],"collection":[{"href":"https:\/\/cultura.sma.gob.ar\/index.php?rest_route=\/wp\/v2\/posts"}],"about":[{"href":"https:\/\/cultura.sma.gob.ar\/index.php?rest_route=\/wp\/v2\/types\/post"}],"author":[{"embeddable":true,"href":"https:\/\/cultura.sma.gob.ar\/index.php?rest_route=\/wp\/v2\/users\/1"}],"replies":[{"embeddable":true,"href":"https:\/\/cultura.sma.gob.ar\/index.php?rest_route=%2Fwp%2Fv2%2Fcomments&post=4468"}],"version-history":[{"count":1,"href":"https:\/\/cultura.sma.gob.ar\/index.php?rest_route=\/wp\/v2\/posts\/4468\/revisions"}],"predecessor-version":[{"id":4470,"href":"https:\/\/cultura.sma.gob.ar\/index.php?rest_route=\/wp\/v2\/posts\/4468\/revisions\/4470"}],"wp:featuredmedia":[{"embeddable":true,"href":"https:\/\/cultura.sma.gob.ar\/index.php?rest_route=\/wp\/v2\/media\/297"}],"wp:attachment":[{"href":"https:\/\/cultura.sma.gob.ar\/index.php?rest_route=%2Fwp%2Fv2%2Fmedia&parent=4468"}],"wp:term":[{"taxonomy":"category","embeddable":true,"href":"https:\/\/cultura.sma.gob.ar\/index.php?rest_route=%2Fwp%2Fv2%2Fcategories&post=4468"},{"taxonomy":"post_tag","embeddable":true,"href":"https:\/\/cultura.sma.gob.ar\/index.php?rest_route=%2Fwp%2Fv2%2Ftags&post=4468"}],"curies":[{"name":"wp","href":"https:\/\/api.w.org\/{rel}","templated":true}]}}