{"id":4463,"date":"2023-01-25T20:41:32","date_gmt":"2023-01-25T23:41:32","guid":{"rendered":"http:\/\/cultura.sma.gob.ar\/?p=4463"},"modified":"2023-01-25T20:41:32","modified_gmt":"2023-01-25T23:41:32","slug":"convocatoria-a-agrupaciones-a-participar-del-carnaval-intercultural-cordillerano","status":"publish","type":"post","link":"https:\/\/cultura.sma.gob.ar\/?p=4463","title":{"rendered":"Convocatoria a agrupaciones a participar del Carnaval Intercultural Cordillerano"},"content":{"rendered":"\n<figure class=\"wp-block-image size-large\"><img loading=\"lazy\" decoding=\"async\" width=\"1024\" height=\"682\" src=\"http:\/\/cultura.sma.gob.ar\/wp-content\/uploads\/2023\/01\/WhatsApp-Image-2023-01-25-at-16.06.49-1024x682.jpeg\" alt=\"\" class=\"wp-image-4464\" srcset=\"https:\/\/cultura.sma.gob.ar\/wp-content\/uploads\/2023\/01\/WhatsApp-Image-2023-01-25-at-16.06.49-1024x682.jpeg 1024w, https:\/\/cultura.sma.gob.ar\/wp-content\/uploads\/2023\/01\/WhatsApp-Image-2023-01-25-at-16.06.49-300x200.jpeg 300w, https:\/\/cultura.sma.gob.ar\/wp-content\/uploads\/2023\/01\/WhatsApp-Image-2023-01-25-at-16.06.49-768x512.jpeg 768w, https:\/\/cultura.sma.gob.ar\/wp-content\/uploads\/2023\/01\/WhatsApp-Image-2023-01-25-at-16.06.49-135x90.jpeg 135w, https:\/\/cultura.sma.gob.ar\/wp-content\/uploads\/2023\/01\/WhatsApp-Image-2023-01-25-at-16.06.49.jpeg 1280w\" sizes=\"auto, (max-width: 1024px) 100vw, 1024px\" \/><\/figure>\n\n\n\n<p>Desde la Comisi\u00f3n Organizadora del 12\u00ba Carnaval Intercultural Cordillerano se invita a las agrupaciones de carnaval a inscribirse para participar de este evento, que se realizar\u00e1 en San Mart\u00edn de los Andes los d\u00edas s\u00e1bado 18 (Vega Maip\u00fa), domingo 19 (El Arenal) y lunes 20 de febrero (centro).<\/p>\n\n\n\n<p>Las agrupaciones interesadas deber\u00e1n acercarse a la Secretar\u00eda de Cultura entre las 9 y las 15 hs, o comunicarse telef\u00f3nicamente al (02972) 424-804. \u00a0<\/p>\n\n\n\n<p>Para la postulaci\u00f3n se solicitar\u00e1: denominaci\u00f3n de la agrupaci\u00f3n, g\u00e9nero, ciudad de procedencia, cantidad de participantes, la\/s fecha\/s en la\/s que desean participar y dos tel\u00e9fonos de contacto (a las agrupaciones locales se les solicitar\u00e1 tambi\u00e9n su inscripci\u00f3n en el Registro de Asociaciones y Agrupaciones Art\u00edsticas de Carnaval).<\/p>\n\n\n\n<p>Hay tiempo para postularse hasta el viernes 3 de febrero.<\/p>\n\n\n\n<p>Las propuestas recibidas ser\u00e1n puestas a consideraci\u00f3n de la Comisi\u00f3n Organizadora para posteriormente definir la programaci\u00f3n de los desfiles.<\/p>\n","protected":false},"excerpt":{"rendered":"<p>Desde la Comisi\u00f3n Organizadora del 12\u00ba Carnaval Intercultural Cordillerano se invita a las agrupaciones de carnaval a inscribirse para participar de este evento, que se realizar\u00e1 en San Mart\u00edn de los Andes los d\u00edas s\u00e1bado 18 (Vega Maip\u00fa), domingo 19 (El Arenal) y lunes 20 de febrero (centro). Las agrupaciones interesadas deber\u00e1n acercarse a la Secretar\u00eda de Cultura entre las 9 y las 15 hs, &hellip; <a href=\"https:\/\/cultura.sma.gob.ar\/?p=4463\" class=\"more-link\">Continue reading <span class=\"screen-reader-text\">Convocatoria a agrupaciones a participar del Carnaval Intercultural Cordillerano<\/span><\/a><\/p>\n","protected":false},"author":1,"featured_media":296,"comment_status":"closed","ping_status":"","sticky":false,"template":"","format":"image","meta":{"footnotes":""},"categories":[3,9],"tags":[],"class_list":["post-4463","post","type-post","status-publish","format-image","has-post-thumbnail","hentry","category-eventos-cultura","category-ultimas-noticias","post_format-post-format-image"],"_links":{"self":[{"href":"https:\/\/cultura.sma.gob.ar\/index.php?rest_route=\/wp\/v2\/posts\/4463","targetHints":{"allow":["GET"]}}],"collection":[{"href":"https:\/\/cultura.sma.gob.ar\/index.php?rest_route=\/wp\/v2\/posts"}],"about":[{"href":"https:\/\/cultura.sma.gob.ar\/index.php?rest_route=\/wp\/v2\/types\/post"}],"author":[{"embeddable":true,"href":"https:\/\/cultura.sma.gob.ar\/index.php?rest_route=\/wp\/v2\/users\/1"}],"replies":[{"embeddable":true,"href":"https:\/\/cultura.sma.gob.ar\/index.php?rest_route=%2Fwp%2Fv2%2Fcomments&post=4463"}],"version-history":[{"count":1,"href":"https:\/\/cultura.sma.gob.ar\/index.php?rest_route=\/wp\/v2\/posts\/4463\/revisions"}],"predecessor-version":[{"id":4465,"href":"https:\/\/cultura.sma.gob.ar\/index.php?rest_route=\/wp\/v2\/posts\/4463\/revisions\/4465"}],"wp:featuredmedia":[{"embeddable":true,"href":"https:\/\/cultura.sma.gob.ar\/index.php?rest_route=\/wp\/v2\/media\/296"}],"wp:attachment":[{"href":"https:\/\/cultura.sma.gob.ar\/index.php?rest_route=%2Fwp%2Fv2%2Fmedia&parent=4463"}],"wp:term":[{"taxonomy":"category","embeddable":true,"href":"https:\/\/cultura.sma.gob.ar\/index.php?rest_route=%2Fwp%2Fv2%2Fcategories&post=4463"},{"taxonomy":"post_tag","embeddable":true,"href":"https:\/\/cultura.sma.gob.ar\/index.php?rest_route=%2Fwp%2Fv2%2Ftags&post=4463"}],"curies":[{"name":"wp","href":"https:\/\/api.w.org\/{rel}","templated":true}]}}