{"id":4459,"date":"2023-01-25T20:36:52","date_gmt":"2023-01-25T23:36:52","guid":{"rendered":"http:\/\/cultura.sma.gob.ar\/?p=4459"},"modified":"2023-01-25T20:36:52","modified_gmt":"2023-01-25T23:36:52","slug":"llega-la-segunda-noche-de-las-artes-de-2023","status":"publish","type":"post","link":"https:\/\/cultura.sma.gob.ar\/?p=4459","title":{"rendered":"LLEGA LA SEGUNDA NOCHE DE LAS ARTES DE 2023"},"content":{"rendered":"\n<figure class=\"wp-block-image size-large\"><img loading=\"lazy\" decoding=\"async\" width=\"1024\" height=\"1024\" src=\"http:\/\/cultura.sma.gob.ar\/wp-content\/uploads\/2023\/01\/WhatsApp-Image-2023-01-25-at-14.15.33-1024x1024.jpeg\" alt=\"\" class=\"wp-image-4460\" srcset=\"https:\/\/cultura.sma.gob.ar\/wp-content\/uploads\/2023\/01\/WhatsApp-Image-2023-01-25-at-14.15.33-1024x1024.jpeg 1024w, https:\/\/cultura.sma.gob.ar\/wp-content\/uploads\/2023\/01\/WhatsApp-Image-2023-01-25-at-14.15.33-300x300.jpeg 300w, https:\/\/cultura.sma.gob.ar\/wp-content\/uploads\/2023\/01\/WhatsApp-Image-2023-01-25-at-14.15.33-150x150.jpeg 150w, https:\/\/cultura.sma.gob.ar\/wp-content\/uploads\/2023\/01\/WhatsApp-Image-2023-01-25-at-14.15.33-768x768.jpeg 768w, https:\/\/cultura.sma.gob.ar\/wp-content\/uploads\/2023\/01\/WhatsApp-Image-2023-01-25-at-14.15.33-90x90.jpeg 90w, https:\/\/cultura.sma.gob.ar\/wp-content\/uploads\/2023\/01\/WhatsApp-Image-2023-01-25-at-14.15.33.jpeg 1080w\" sizes=\"auto, (max-width: 1024px) 100vw, 1024px\" \/><\/figure>\n\n\n\n<p><\/p>\n\n\n\n<p>Este s\u00e1bado 28 de enero, desde las 18 y hasta la 1 de la madrugada, llega la segunda Noche de las Artes del a\u00f1o. La Avenida San Mart\u00edn volver\u00e1 a convertirse en una gran peatonal de arte y cultura, para el disfrute de todas las vecinas, vecinos y visitantes.<\/p>\n\n\n\n<p>Habr\u00e1 m\u00e1s de ciento cincuenta propuestas art\u00edsticas y culturales de m\u00fasica, danza, circo, teatro, escultura, t\u00edteres, pintura y literatura.<\/p>\n\n\n\n<p>El corte de la avenida ser\u00e1 desde la calle Sarmiento hasta Rivadavia. Desde las 7:00 el corte ser\u00e1 parcial y se podr\u00e1 circular por las calles perpendiculares a la avenida. Y a partir de las 17 hs el corte ser\u00e1 total, permitiendo la circulaci\u00f3n solo por las calles Villegas y Gral. Roca.<\/p>\n\n\n\n<p>Para que todos los vecinos y vecinas puedan disfrutar plenamente de La Noche de las Artes, Expreso Los Andes incorporar\u00e1 los siguientes servicios adicionales de colectivos:<\/p>\n\n\n\n<p><strong>De Terminal a Los Radales:<\/strong><\/p>\n\n\n\n<ul class=\"wp-block-list\"><li>00:30 hs.<\/li><\/ul>\n\n\n\n<p><strong>De Terminal a Chacra 32 (Directo):<\/strong><\/p>\n\n\n\n<ul class=\"wp-block-list\"><li>01:05 hs<\/li><\/ul>\n\n\n\n<p><strong>De Terminal a Chacra 30:<\/strong><\/p>\n\n\n\n<ul class=\"wp-block-list\"><li>00:45 hs.<\/li><li>01:20 hs.<\/li><\/ul>\n\n\n\n<p>\u00a1Las y los esperamos en esta nueva edici\u00f3n de La Noche de Las Artes!<\/p>\n\n\n\n<p>Para descargar el programa de stands de la Noche de las Artes 2023, ingresar en este link:<\/p>\n\n\n\n<ul class=\"wp-block-list\"><li><a href=\"https:\/\/drive.google.com\/file\/d\/1Abi-85crv7OUvudQRUbTk3k1PMRNZxHv\/view?usp=share_link\">https:\/\/drive.google.com\/file\/d\/1Abi-85crv7OUvudQRUbTk3k1PMRNZxHv\/view?usp=share_link<\/a><\/li><\/ul>\n\n\n\n<p>Para conocer las presentaciones art\u00edsticas, ingresar en este link:<\/p>\n\n\n\n<ul class=\"wp-block-list\"><li><a href=\"https:\/\/drive.google.com\/file\/d\/1nGDDdAfuJpeVojnXuQd5Ub4QMemQ_S5A\/view?usp=share_link\">https:\/\/drive.google.com\/file\/d\/1nGDDdAfuJpeVojnXuQd5Ub4QMemQ_S5A\/view?usp=share_link<\/a><\/li><\/ul>\n\n\n\n<p><\/p>\n","protected":false},"excerpt":{"rendered":"<p>Este s\u00e1bado 28 de enero, desde las 18 y hasta la 1 de la madrugada, llega la segunda Noche de las Artes del a\u00f1o. La Avenida San Mart\u00edn volver\u00e1 a convertirse en una gran peatonal de arte y cultura, para el disfrute de todas las vecinas, vecinos y visitantes. Habr\u00e1 m\u00e1s de ciento cincuenta propuestas art\u00edsticas y culturales de m\u00fasica, danza, circo, teatro, escultura, t\u00edteres, &hellip; <a href=\"https:\/\/cultura.sma.gob.ar\/?p=4459\" class=\"more-link\">Continue reading <span class=\"screen-reader-text\">LLEGA LA SEGUNDA NOCHE DE LAS ARTES DE 2023<\/span><\/a><\/p>\n","protected":false},"author":1,"featured_media":296,"comment_status":"closed","ping_status":"","sticky":false,"template":"","format":"image","meta":{"footnotes":""},"categories":[3,9],"tags":[],"class_list":["post-4459","post","type-post","status-publish","format-image","has-post-thumbnail","hentry","category-eventos-cultura","category-ultimas-noticias","post_format-post-format-image"],"_links":{"self":[{"href":"https:\/\/cultura.sma.gob.ar\/index.php?rest_route=\/wp\/v2\/posts\/4459","targetHints":{"allow":["GET"]}}],"collection":[{"href":"https:\/\/cultura.sma.gob.ar\/index.php?rest_route=\/wp\/v2\/posts"}],"about":[{"href":"https:\/\/cultura.sma.gob.ar\/index.php?rest_route=\/wp\/v2\/types\/post"}],"author":[{"embeddable":true,"href":"https:\/\/cultura.sma.gob.ar\/index.php?rest_route=\/wp\/v2\/users\/1"}],"replies":[{"embeddable":true,"href":"https:\/\/cultura.sma.gob.ar\/index.php?rest_route=%2Fwp%2Fv2%2Fcomments&post=4459"}],"version-history":[{"count":1,"href":"https:\/\/cultura.sma.gob.ar\/index.php?rest_route=\/wp\/v2\/posts\/4459\/revisions"}],"predecessor-version":[{"id":4461,"href":"https:\/\/cultura.sma.gob.ar\/index.php?rest_route=\/wp\/v2\/posts\/4459\/revisions\/4461"}],"wp:featuredmedia":[{"embeddable":true,"href":"https:\/\/cultura.sma.gob.ar\/index.php?rest_route=\/wp\/v2\/media\/296"}],"wp:attachment":[{"href":"https:\/\/cultura.sma.gob.ar\/index.php?rest_route=%2Fwp%2Fv2%2Fmedia&parent=4459"}],"wp:term":[{"taxonomy":"category","embeddable":true,"href":"https:\/\/cultura.sma.gob.ar\/index.php?rest_route=%2Fwp%2Fv2%2Fcategories&post=4459"},{"taxonomy":"post_tag","embeddable":true,"href":"https:\/\/cultura.sma.gob.ar\/index.php?rest_route=%2Fwp%2Fv2%2Ftags&post=4459"}],"curies":[{"name":"wp","href":"https:\/\/api.w.org\/{rel}","templated":true}]}}