{"id":4451,"date":"2023-01-22T15:49:34","date_gmt":"2023-01-22T18:49:34","guid":{"rendered":"http:\/\/cultura.sma.gob.ar\/?p=4451"},"modified":"2023-01-22T15:49:34","modified_gmt":"2023-01-22T18:49:34","slug":"la-otra-piel-de-giselle-en-la-sala-amankay","status":"publish","type":"post","link":"https:\/\/cultura.sma.gob.ar\/?p=4451","title":{"rendered":"&#8221;La otra piel de Giselle&#8221;, en la Sala Amankay"},"content":{"rendered":"\n<figure class=\"wp-block-image size-large\"><img loading=\"lazy\" decoding=\"async\" width=\"725\" height=\"1024\" src=\"http:\/\/cultura.sma.gob.ar\/wp-content\/uploads\/2023\/01\/La-otra-piel-de-Giselle-1-18-02.jpeg\" alt=\"\" class=\"wp-image-4452\" srcset=\"https:\/\/cultura.sma.gob.ar\/wp-content\/uploads\/2023\/01\/La-otra-piel-de-Giselle-1-18-02.jpeg 725w, https:\/\/cultura.sma.gob.ar\/wp-content\/uploads\/2023\/01\/La-otra-piel-de-Giselle-1-18-02-212x300.jpeg 212w, https:\/\/cultura.sma.gob.ar\/wp-content\/uploads\/2023\/01\/La-otra-piel-de-Giselle-1-18-02-64x90.jpeg 64w\" sizes=\"auto, (max-width: 725px) 100vw, 725px\" \/><\/figure>\n\n\n\n<p>El Viernes 17 y S\u00e1bado 18 de Febrero 21hs, y el Domingo 19 en dos horarios, 19:30 y 21:30hs estaremos presentando en nuestra querida Sala Amankay &#8220;La otra piel de Giselle&#8221; de la compa\u00f1\u00eda Paradise Ballet.<\/p>\n\n\n\n<p><em><strong>Gacetilla Giselle<\/strong><\/em><\/p>\n\n\n\n<p><em>Paradise Ballet presente: La otra piel de Giselle, una reversi\u00f3n del cl\u00e1sico del Ballet Giselle.<\/em><\/p>\n\n\n\n<p><em>Si bien se respeta que en la historia original el ballet cuenta que una joven simple, bella e inocente que se enamora de Albrecht, un noble ya comprometido a matrimonio que, para conquistarla, se hace pasar por aldeano. Hilari\u00f3n, quien est\u00e1 profundamente enamorado de Giselle, sospecha del enga\u00f1o y lo desenmascara. La inocencia de Giselle se rompe, arrastr\u00e1ndola a la locura y la muerte.<\/em><\/p>\n\n\n\n<p><em>Paradise intensifica el segundo acto que ocurre en el bosque, donde est\u00e1 la tumba de Giselle.<\/em><\/p>\n\n\n\n<p><em>En este bosque se internan las Willis, un grupo de m\u00edsticos esp\u00edritus nocturnos que fueron asesinadas por sus amores, lo cual las lleva a su sed de venganza de hacer bailar hasta morir a qui\u00e9n frecuente este sombr\u00edo bosque.<\/em><\/p>\n\n\n\n<p><em>Esta historia, dista de la original Giselle en la que la pasi\u00f3n, y el perd\u00f3n son el lema principal, Paradise Ballet presenta una Giselle que no perdona y que defender\u00e1 en su piel a sus fieles compa\u00f1eras que han sido asesinadas en el pasado.<\/em><\/p>\n\n\n\n<p><em>La puesta se llevar\u00e1 adelante con 16 bailarines en escena. Habr\u00e1 dos repartos distintos encabezados por las campeonas latinoamericanas Bel\u00e9n Alcar\u00e1z y Catalina Alfaroe en el rol de Giselle, como Hilar\u00f3n el multi premiado bailar\u00edn Sanmartinense Leonel Prada.<\/em><\/p>\n\n\n\n<p><em>En escena tambi\u00e9n: Martina Perez Curruhinca., Jazmin Suarez, Pilar Alucin, Tiara Leon, Antonella Minnard, Zoe Vasallo, Ornella Traballoni, Alex Meza, Malena Calveiras, Maite Escobal, Sofia Rojas Gallardo.<\/em><\/p>\n\n\n\n<p><em><strong>En Idea y coreogr\u00e1fia<\/strong>&nbsp;Natalia Lamberti<\/em><\/p>\n\n\n\n<p><em><strong>Vestuarios y estilismo:<\/strong>&nbsp;Natalia Lamberti<\/em><\/p>\n\n\n\n<p><em><strong>Co- core\u00f3grafa:<\/strong>&nbsp;Cecilia Rojas.<\/em><\/p>\n\n\n\n<p><em>Y un gran montaje escenogr\u00e1fico a cargo del arquitecto Caco Fern\u00e1ndez y Juan Cruz del Cerro.<\/em><\/p>\n\n\n\n<p><em>Las entradas se encuentran disponibles en la boleter\u00eda del Cine.<\/em><\/p>\n\n\n\n<p><em>Funciones y repartos:<\/em><\/p>\n\n\n\n<p><em>Viernes 17 de Febrero 21hs (Giselle: Bel\u00e9n Alcaraz\/ Myrtha: Martina Perez Curruhinca, Willis principales Pilar Alucin y Tiara Leon)<\/em><\/p>\n\n\n\n<p><em>S\u00e1bado 18 de Febrero (Giselle: Catalina Alfaro\/ Myrtha: Jazmin Suarez, Willis principales Pilar Alucin y Antonella Minnard)<\/em><\/p>\n\n\n\n<p><em>Domingo 19 de Febrero :19.30 (Giselle: Catalina Alfaro\/ Myrtha: Jazmin Suarez, Willis principales Pilar Alucin y Antonella Minnard)<\/em><\/p>\n\n\n\n<p><em>Domingo 19 de Febrero: 21.30hs (Giselle: Bel\u00e9n Alcaraz\/ Myrtha: Martina Perez Curruhinca, Willis principales Pilar Alucin y Tiara Leon)<\/em><\/p>\n\n\n\n<p><em><strong>Preventa hasta el 10\/02 $1500<\/strong><\/em><\/p>\n","protected":false},"excerpt":{"rendered":"<p>El Viernes 17 y S\u00e1bado 18 de Febrero 21hs, y el Domingo 19 en dos horarios, 19:30 y 21:30hs estaremos presentando en nuestra querida Sala Amankay &#8220;La otra piel de Giselle&#8221; de la compa\u00f1\u00eda Paradise Ballet. Gacetilla Giselle Paradise Ballet presente: La otra piel de Giselle, una reversi\u00f3n del cl\u00e1sico del Ballet Giselle. Si bien se respeta que en la historia original el ballet cuenta &hellip; <a href=\"https:\/\/cultura.sma.gob.ar\/?p=4451\" class=\"more-link\">Continue reading <span class=\"screen-reader-text\">&#8221;La otra piel de Giselle&#8221;, en la Sala Amankay<\/span><\/a><\/p>\n","protected":false},"author":1,"featured_media":297,"comment_status":"closed","ping_status":"","sticky":false,"template":"","format":"image","meta":{"footnotes":""},"categories":[2,9],"tags":[],"class_list":["post-4451","post","type-post","status-publish","format-image","has-post-thumbnail","hentry","category-ciudad-cultural","category-ultimas-noticias","post_format-post-format-image"],"_links":{"self":[{"href":"https:\/\/cultura.sma.gob.ar\/index.php?rest_route=\/wp\/v2\/posts\/4451","targetHints":{"allow":["GET"]}}],"collection":[{"href":"https:\/\/cultura.sma.gob.ar\/index.php?rest_route=\/wp\/v2\/posts"}],"about":[{"href":"https:\/\/cultura.sma.gob.ar\/index.php?rest_route=\/wp\/v2\/types\/post"}],"author":[{"embeddable":true,"href":"https:\/\/cultura.sma.gob.ar\/index.php?rest_route=\/wp\/v2\/users\/1"}],"replies":[{"embeddable":true,"href":"https:\/\/cultura.sma.gob.ar\/index.php?rest_route=%2Fwp%2Fv2%2Fcomments&post=4451"}],"version-history":[{"count":1,"href":"https:\/\/cultura.sma.gob.ar\/index.php?rest_route=\/wp\/v2\/posts\/4451\/revisions"}],"predecessor-version":[{"id":4453,"href":"https:\/\/cultura.sma.gob.ar\/index.php?rest_route=\/wp\/v2\/posts\/4451\/revisions\/4453"}],"wp:featuredmedia":[{"embeddable":true,"href":"https:\/\/cultura.sma.gob.ar\/index.php?rest_route=\/wp\/v2\/media\/297"}],"wp:attachment":[{"href":"https:\/\/cultura.sma.gob.ar\/index.php?rest_route=%2Fwp%2Fv2%2Fmedia&parent=4451"}],"wp:term":[{"taxonomy":"category","embeddable":true,"href":"https:\/\/cultura.sma.gob.ar\/index.php?rest_route=%2Fwp%2Fv2%2Fcategories&post=4451"},{"taxonomy":"post_tag","embeddable":true,"href":"https:\/\/cultura.sma.gob.ar\/index.php?rest_route=%2Fwp%2Fv2%2Ftags&post=4451"}],"curies":[{"name":"wp","href":"https:\/\/api.w.org\/{rel}","templated":true}]}}