{"id":4442,"date":"2023-01-17T19:41:11","date_gmt":"2023-01-17T22:41:11","guid":{"rendered":"http:\/\/cultura.sma.gob.ar\/?p=4442"},"modified":"2023-01-18T11:28:39","modified_gmt":"2023-01-18T14:28:39","slug":"convocatoria-a-companias-para-el-15-festival-internacional-de-titeres-de-san-martin-de-los-andes","status":"publish","type":"post","link":"https:\/\/cultura.sma.gob.ar\/?p=4442","title":{"rendered":"Convocatoria a compa\u00f1\u00edas para el 15\u00b0 Festival Internacional de T\u00edteres de San Mart\u00edn de los Andes"},"content":{"rendered":"\n<figure class=\"wp-block-image size-large\"><img loading=\"lazy\" decoding=\"async\" width=\"1024\" height=\"1024\" src=\"http:\/\/cultura.sma.gob.ar\/wp-content\/uploads\/2023\/01\/Convocatoria-15-Festival-de-Titeres_1x1-1-1024x1024.jpg\" alt=\"\" class=\"wp-image-4443\" srcset=\"https:\/\/cultura.sma.gob.ar\/wp-content\/uploads\/2023\/01\/Convocatoria-15-Festival-de-Titeres_1x1-1-1024x1024.jpg 1024w, https:\/\/cultura.sma.gob.ar\/wp-content\/uploads\/2023\/01\/Convocatoria-15-Festival-de-Titeres_1x1-1-300x300.jpg 300w, https:\/\/cultura.sma.gob.ar\/wp-content\/uploads\/2023\/01\/Convocatoria-15-Festival-de-Titeres_1x1-1-150x150.jpg 150w, https:\/\/cultura.sma.gob.ar\/wp-content\/uploads\/2023\/01\/Convocatoria-15-Festival-de-Titeres_1x1-1-768x768.jpg 768w, https:\/\/cultura.sma.gob.ar\/wp-content\/uploads\/2023\/01\/Convocatoria-15-Festival-de-Titeres_1x1-1-90x90.jpg 90w, https:\/\/cultura.sma.gob.ar\/wp-content\/uploads\/2023\/01\/Convocatoria-15-Festival-de-Titeres_1x1-1.jpg 1080w\" sizes=\"auto, (max-width: 1024px) 100vw, 1024px\" \/><\/figure>\n\n\n\n<p>Ya est\u00e1 abierta la convocatoria para las compa\u00f1\u00edas de t\u00edteres que deseen participar del 15\u00b0 Festival Internacional de T\u00edteres de San Mart\u00edn de los Andes, a realizarse entre el 14 y el 21 de mayo de 2023.<\/p>\n\n\n\n<p>Este festival se articula con el festival de t\u00edteres que se realizar\u00e1 en la ciudad de Zapala una semana antes (8 al 13 de mayo). Por lo tanto, las postulaciones recibidas ser\u00e1n tenidas en cuenta para conformar la programaci\u00f3n de ambos festivales.<\/p>\n\n\n\n<p>El Festival Internacional de T\u00edteres de San Mart\u00edn de los Andes est\u00e1 organizado conjuntamente por la Secretar\u00eda Municipal de Cultura y Educaci\u00f3n y La Pelela T\u00edteres, el apoyo del Ministerio de Cultura de la Naci\u00f3n, e incluye m\u00e1s de cuarenta funciones que se desarrollan en los teatros de la ciudad.<\/p>\n\n\n\n<p>Tambi\u00e9n ofrece un Taller de Capacitaci\u00f3n y una muestra vinculada al arte titiritero que se expone en la Sala Municipal de Exposiciones Lidaura Chapitel.<\/p>\n\n\n\n<p>Las propuestas deben enviarse al mail festivaltiteressma@gmail.com antes del 28 de febrero, e incluir dossier, link y tel\u00e9fono de contacto.<\/p>\n\n\n\n<p><\/p>\n","protected":false},"excerpt":{"rendered":"<p>Ya est\u00e1 abierta la convocatoria para las compa\u00f1\u00edas de t\u00edteres que deseen participar del 15\u00b0 Festival Internacional de T\u00edteres de San Mart\u00edn de los Andes, a realizarse entre el 14 y el 21 de mayo de 2023. Este festival se articula con el festival de t\u00edteres que se realizar\u00e1 en la ciudad de Zapala una semana antes (8 al 13 de mayo). Por lo tanto, &hellip; <a href=\"https:\/\/cultura.sma.gob.ar\/?p=4442\" class=\"more-link\">Continue reading <span class=\"screen-reader-text\">Convocatoria a compa\u00f1\u00edas para el 15\u00b0 Festival Internacional de T\u00edteres de San Mart\u00edn de los Andes<\/span><\/a><\/p>\n","protected":false},"author":1,"featured_media":296,"comment_status":"closed","ping_status":"","sticky":false,"template":"","format":"image","meta":{"footnotes":""},"categories":[3,9],"tags":[],"class_list":["post-4442","post","type-post","status-publish","format-image","has-post-thumbnail","hentry","category-eventos-cultura","category-ultimas-noticias","post_format-post-format-image"],"_links":{"self":[{"href":"https:\/\/cultura.sma.gob.ar\/index.php?rest_route=\/wp\/v2\/posts\/4442","targetHints":{"allow":["GET"]}}],"collection":[{"href":"https:\/\/cultura.sma.gob.ar\/index.php?rest_route=\/wp\/v2\/posts"}],"about":[{"href":"https:\/\/cultura.sma.gob.ar\/index.php?rest_route=\/wp\/v2\/types\/post"}],"author":[{"embeddable":true,"href":"https:\/\/cultura.sma.gob.ar\/index.php?rest_route=\/wp\/v2\/users\/1"}],"replies":[{"embeddable":true,"href":"https:\/\/cultura.sma.gob.ar\/index.php?rest_route=%2Fwp%2Fv2%2Fcomments&post=4442"}],"version-history":[{"count":2,"href":"https:\/\/cultura.sma.gob.ar\/index.php?rest_route=\/wp\/v2\/posts\/4442\/revisions"}],"predecessor-version":[{"id":4446,"href":"https:\/\/cultura.sma.gob.ar\/index.php?rest_route=\/wp\/v2\/posts\/4442\/revisions\/4446"}],"wp:featuredmedia":[{"embeddable":true,"href":"https:\/\/cultura.sma.gob.ar\/index.php?rest_route=\/wp\/v2\/media\/296"}],"wp:attachment":[{"href":"https:\/\/cultura.sma.gob.ar\/index.php?rest_route=%2Fwp%2Fv2%2Fmedia&parent=4442"}],"wp:term":[{"taxonomy":"category","embeddable":true,"href":"https:\/\/cultura.sma.gob.ar\/index.php?rest_route=%2Fwp%2Fv2%2Fcategories&post=4442"},{"taxonomy":"post_tag","embeddable":true,"href":"https:\/\/cultura.sma.gob.ar\/index.php?rest_route=%2Fwp%2Fv2%2Ftags&post=4442"}],"curies":[{"name":"wp","href":"https:\/\/api.w.org\/{rel}","templated":true}]}}