{"id":4439,"date":"2023-01-16T10:55:37","date_gmt":"2023-01-16T13:55:37","guid":{"rendered":"http:\/\/cultura.sma.gob.ar\/?p=4439"},"modified":"2023-01-16T10:55:37","modified_gmt":"2023-01-16T13:55:37","slug":"22-festival-estival-de-san-martin-de-los-andes","status":"publish","type":"post","link":"https:\/\/cultura.sma.gob.ar\/?p=4439","title":{"rendered":"22\u00b0 Festival Estival de San Mart\u00edn de los Andes"},"content":{"rendered":"\n<figure class=\"wp-block-image size-large\"><img decoding=\"async\" src=\"https:\/\/image.jimcdn.com\/app\/cms\/image\/transf\/dimension=870x10000:format=jpg\/path\/s2a97d3329469e873\/image\/i680a8feecc22bf23\/version\/1673534328\/image.jpg\" alt=\"\"\/><\/figure>\n\n\n\n<p><strong>2 Talleres. 10 Obras. 13<\/strong><strong>&nbsp;Funciones<\/strong><\/p>\n\n\n\n<p><strong>Festival Estival en ESPACIO TRAMA<\/strong><\/p>\n\n\n\n<p>En esta nueva edici\u00f3n del Festival, nuestro punto de encuentro ser\u00e1 ESPACIO TRAMA, en Gral. Roca 320, San Mart\u00edn de los Andes.<\/p>\n\n\n\n<p>\u00a1\u00a1Talleres, funciones, encuentro con artistas, comidas, fiestas!!!<\/p>\n\n\n\n<p><strong>Localidades en el d\u00eda o ANTICIPADAS<\/strong><\/p>\n\n\n\n<p>Las funciones son a la GORRA, pero el espacio es limitado. Por eso, para retirar las&nbsp;<strong>localidades SIN CARGO<\/strong>&nbsp;tendr\u00e1s que ir&nbsp;<strong>EL D\u00cdA DE LA FUNCI\u00d3N<\/strong>&nbsp;<strong>desde las 18 hs a ESPACIO TRAMA<\/strong>&nbsp;y retirar hasta 3 localidades por persona.<\/p>\n\n\n\n<p>Si prefer\u00eds retirar las localidades en forma&nbsp;<strong>ANTICIPADA<\/strong>, para todas las obras que quieras, podr\u00e1s hacerlo mediante un&nbsp;<strong>BONO CONTRIBUCI\u00d3N de $ 1.000<\/strong>&nbsp;por cada localidad que quieras llevar.<\/p>\n\n\n\n<p><strong>Talleres<\/strong><\/p>\n\n\n\n<p>Se brindar\u00e1n 2 talleres de formaci\u00f3n en el marco del Festival. Creaci\u00f3n esc\u00e9nica a cargo de Vilama Echeverr\u00eda y de dramaturgia coordinado por Mart\u00edn Flores C\u00e1rdenas<\/p>\n\n\n\n<p>Costos: 1 taller $ 2500 \/ 2 talleres $ 4000<\/p>\n\n\n\n<p><strong>Inscripci\u00f3n: por WhatsApp al +54 9 2944 243042<\/strong><\/p>\n","protected":false},"excerpt":{"rendered":"<p>2 Talleres. 10 Obras. 13&nbsp;Funciones Festival Estival en ESPACIO TRAMA En esta nueva edici\u00f3n del Festival, nuestro punto de encuentro ser\u00e1 ESPACIO TRAMA, en Gral. Roca 320, San Mart\u00edn de los Andes. \u00a1\u00a1Talleres, funciones, encuentro con artistas, comidas, fiestas!!! Localidades en el d\u00eda o ANTICIPADAS Las funciones son a la GORRA, pero el espacio es limitado. Por eso, para retirar las&nbsp;localidades SIN CARGO&nbsp;tendr\u00e1s que ir&nbsp;EL &hellip; <a href=\"https:\/\/cultura.sma.gob.ar\/?p=4439\" class=\"more-link\">Continue reading <span class=\"screen-reader-text\">22\u00b0 Festival Estival de San Mart\u00edn de los Andes<\/span><\/a><\/p>\n","protected":false},"author":1,"featured_media":297,"comment_status":"closed","ping_status":"","sticky":false,"template":"","format":"image","meta":{"footnotes":""},"categories":[2,9],"tags":[],"class_list":["post-4439","post","type-post","status-publish","format-image","has-post-thumbnail","hentry","category-ciudad-cultural","category-ultimas-noticias","post_format-post-format-image"],"_links":{"self":[{"href":"https:\/\/cultura.sma.gob.ar\/index.php?rest_route=\/wp\/v2\/posts\/4439","targetHints":{"allow":["GET"]}}],"collection":[{"href":"https:\/\/cultura.sma.gob.ar\/index.php?rest_route=\/wp\/v2\/posts"}],"about":[{"href":"https:\/\/cultura.sma.gob.ar\/index.php?rest_route=\/wp\/v2\/types\/post"}],"author":[{"embeddable":true,"href":"https:\/\/cultura.sma.gob.ar\/index.php?rest_route=\/wp\/v2\/users\/1"}],"replies":[{"embeddable":true,"href":"https:\/\/cultura.sma.gob.ar\/index.php?rest_route=%2Fwp%2Fv2%2Fcomments&post=4439"}],"version-history":[{"count":1,"href":"https:\/\/cultura.sma.gob.ar\/index.php?rest_route=\/wp\/v2\/posts\/4439\/revisions"}],"predecessor-version":[{"id":4440,"href":"https:\/\/cultura.sma.gob.ar\/index.php?rest_route=\/wp\/v2\/posts\/4439\/revisions\/4440"}],"wp:featuredmedia":[{"embeddable":true,"href":"https:\/\/cultura.sma.gob.ar\/index.php?rest_route=\/wp\/v2\/media\/297"}],"wp:attachment":[{"href":"https:\/\/cultura.sma.gob.ar\/index.php?rest_route=%2Fwp%2Fv2%2Fmedia&parent=4439"}],"wp:term":[{"taxonomy":"category","embeddable":true,"href":"https:\/\/cultura.sma.gob.ar\/index.php?rest_route=%2Fwp%2Fv2%2Fcategories&post=4439"},{"taxonomy":"post_tag","embeddable":true,"href":"https:\/\/cultura.sma.gob.ar\/index.php?rest_route=%2Fwp%2Fv2%2Ftags&post=4439"}],"curies":[{"name":"wp","href":"https:\/\/api.w.org\/{rel}","templated":true}]}}