{"id":4435,"date":"2023-01-15T18:14:28","date_gmt":"2023-01-15T21:14:28","guid":{"rendered":"http:\/\/cultura.sma.gob.ar\/?p=4435"},"modified":"2023-01-22T15:50:42","modified_gmt":"2023-01-22T18:50:42","slug":"se-abre-la-inscripcion-para-la-segunda-noche-de-las-artes-del-verano-2023","status":"publish","type":"post","link":"https:\/\/cultura.sma.gob.ar\/?p=4435","title":{"rendered":"Se abre la inscripci\u00f3n para la segunda Noche de las Artes del verano 2023 (FINALIZADA)"},"content":{"rendered":"\n<figure class=\"wp-block-image size-large\"><img loading=\"lazy\" decoding=\"async\" width=\"1024\" height=\"1024\" src=\"http:\/\/cultura.sma.gob.ar\/wp-content\/uploads\/2023\/01\/RRSS-Convocatoria_1x1-1024x1024.jpg\" alt=\"\" class=\"wp-image-4436\" srcset=\"https:\/\/cultura.sma.gob.ar\/wp-content\/uploads\/2023\/01\/RRSS-Convocatoria_1x1-1024x1024.jpg 1024w, https:\/\/cultura.sma.gob.ar\/wp-content\/uploads\/2023\/01\/RRSS-Convocatoria_1x1-300x300.jpg 300w, https:\/\/cultura.sma.gob.ar\/wp-content\/uploads\/2023\/01\/RRSS-Convocatoria_1x1-150x150.jpg 150w, https:\/\/cultura.sma.gob.ar\/wp-content\/uploads\/2023\/01\/RRSS-Convocatoria_1x1-768x768.jpg 768w, https:\/\/cultura.sma.gob.ar\/wp-content\/uploads\/2023\/01\/RRSS-Convocatoria_1x1-90x90.jpg 90w, https:\/\/cultura.sma.gob.ar\/wp-content\/uploads\/2023\/01\/RRSS-Convocatoria_1x1.jpg 1080w\" sizes=\"auto, (max-width: 1024px) 100vw, 1024px\" \/><\/figure>\n\n\n\n<p><br>El s\u00e1bado 28 de enero se realizar\u00e1 la segunda y \u00faltima Noche de las Artes del verano 2023 y hay solo cinco (5) d\u00edas para inscribirse.<\/p>\n\n\n\n<p>\u00a1Atenci\u00f3n artistas interesados en participar!: las inscripciones estar\u00e1n abiertas se realizar\u00e1n en la Secretar\u00eda de Cultura (Cap. Drury 665), desde el lunes 16 de enero hasta el viernes 20 de enero, de 9 a 14 y de 17 a 20 hs.<\/p>\n\n\n\n<p>La convocatoria est\u00e1 destinada \u00fanicamente a los siguientes rubros: artes pl\u00e1sticas, fotograf\u00eda, producciones audiovisuales, m\u00fasica, danzas, teatro, circo, t\u00edteres, magia, bibliotecas, librer\u00edas y editoriales.<\/p>\n\n\n\n<p>Se establece un cupo m\u00e1ximo de 70 \u201cpresentaciones esc\u00e9nicas\u201d, para lo cual se respetar\u00e1 el orden de inscripci\u00f3n. Los que se inscriban posteriormente quedar\u00e1n en lista de espera.<\/p>\n\n\n\n<p>Importante: los grupos que hagan \u201cpresentaciones esc\u00e9nicas\u201d y deseen actuar en un mismo espacio f\u00edsico, uno a continuaci\u00f3n de otro, deber\u00e1n presentarse juntos al momento de hacer la inscripci\u00f3n.<\/p>\n\n\n\n<p>Para los \u201cexpositores\u201d (artes visuales y literatura) no habr\u00e1 l\u00edmite de participaci\u00f3n.<\/p>\n\n\n\n<p>Asimismo, aprovechamos para comunicar que la grilla de eventos organizados por la Secretar\u00eda de Cultura durante este verano se completar\u00e1 con la realizaci\u00f3n de La Noche de los Museos y las Salas de Arte, el s\u00e1bado 11 de febrero, y el 12\u00b0 Carnaval Intercultural Cordillerano, entre el 18 y el 20 del mismo mes.<\/p>\n","protected":false},"excerpt":{"rendered":"<p>El s\u00e1bado 28 de enero se realizar\u00e1 la segunda y \u00faltima Noche de las Artes del verano 2023 y hay solo cinco (5) d\u00edas para inscribirse. \u00a1Atenci\u00f3n artistas interesados en participar!: las inscripciones estar\u00e1n abiertas se realizar\u00e1n en la Secretar\u00eda de Cultura (Cap. Drury 665), desde el lunes 16 de enero hasta el viernes 20 de enero, de 9 a 14 y de 17 a &hellip; <a href=\"https:\/\/cultura.sma.gob.ar\/?p=4435\" class=\"more-link\">Continue reading <span class=\"screen-reader-text\">Se abre la inscripci\u00f3n para la segunda Noche de las Artes del verano 2023 (FINALIZADA)<\/span><\/a><\/p>\n","protected":false},"author":1,"featured_media":296,"comment_status":"closed","ping_status":"","sticky":false,"template":"","format":"image","meta":{"footnotes":""},"categories":[3,9],"tags":[],"class_list":["post-4435","post","type-post","status-publish","format-image","has-post-thumbnail","hentry","category-eventos-cultura","category-ultimas-noticias","post_format-post-format-image"],"_links":{"self":[{"href":"https:\/\/cultura.sma.gob.ar\/index.php?rest_route=\/wp\/v2\/posts\/4435","targetHints":{"allow":["GET"]}}],"collection":[{"href":"https:\/\/cultura.sma.gob.ar\/index.php?rest_route=\/wp\/v2\/posts"}],"about":[{"href":"https:\/\/cultura.sma.gob.ar\/index.php?rest_route=\/wp\/v2\/types\/post"}],"author":[{"embeddable":true,"href":"https:\/\/cultura.sma.gob.ar\/index.php?rest_route=\/wp\/v2\/users\/1"}],"replies":[{"embeddable":true,"href":"https:\/\/cultura.sma.gob.ar\/index.php?rest_route=%2Fwp%2Fv2%2Fcomments&post=4435"}],"version-history":[{"count":2,"href":"https:\/\/cultura.sma.gob.ar\/index.php?rest_route=\/wp\/v2\/posts\/4435\/revisions"}],"predecessor-version":[{"id":4455,"href":"https:\/\/cultura.sma.gob.ar\/index.php?rest_route=\/wp\/v2\/posts\/4435\/revisions\/4455"}],"wp:featuredmedia":[{"embeddable":true,"href":"https:\/\/cultura.sma.gob.ar\/index.php?rest_route=\/wp\/v2\/media\/296"}],"wp:attachment":[{"href":"https:\/\/cultura.sma.gob.ar\/index.php?rest_route=%2Fwp%2Fv2%2Fmedia&parent=4435"}],"wp:term":[{"taxonomy":"category","embeddable":true,"href":"https:\/\/cultura.sma.gob.ar\/index.php?rest_route=%2Fwp%2Fv2%2Fcategories&post=4435"},{"taxonomy":"post_tag","embeddable":true,"href":"https:\/\/cultura.sma.gob.ar\/index.php?rest_route=%2Fwp%2Fv2%2Ftags&post=4435"}],"curies":[{"name":"wp","href":"https:\/\/api.w.org\/{rel}","templated":true}]}}