{"id":4431,"date":"2023-01-15T18:09:52","date_gmt":"2023-01-15T21:09:52","guid":{"rendered":"http:\/\/cultura.sma.gob.ar\/?p=4431"},"modified":"2023-01-15T18:09:52","modified_gmt":"2023-01-15T21:09:52","slug":"familia-musical-viajera-saltataki","status":"publish","type":"post","link":"https:\/\/cultura.sma.gob.ar\/?p=4431","title":{"rendered":"Familia Musical Viajera Saltataki"},"content":{"rendered":"\n<figure class=\"wp-block-image size-large\"><img loading=\"lazy\" decoding=\"async\" width=\"1024\" height=\"992\" src=\"http:\/\/cultura.sma.gob.ar\/wp-content\/uploads\/2023\/01\/2-Saltataki-Flyer-Cotesma-18-03-1024x992.jpg\" alt=\"\" class=\"wp-image-4432\" srcset=\"https:\/\/cultura.sma.gob.ar\/wp-content\/uploads\/2023\/01\/2-Saltataki-Flyer-Cotesma-18-03-1024x992.jpg 1024w, https:\/\/cultura.sma.gob.ar\/wp-content\/uploads\/2023\/01\/2-Saltataki-Flyer-Cotesma-18-03-300x291.jpg 300w, https:\/\/cultura.sma.gob.ar\/wp-content\/uploads\/2023\/01\/2-Saltataki-Flyer-Cotesma-18-03-768x744.jpg 768w, https:\/\/cultura.sma.gob.ar\/wp-content\/uploads\/2023\/01\/2-Saltataki-Flyer-Cotesma-18-03-1536x1488.jpg 1536w, https:\/\/cultura.sma.gob.ar\/wp-content\/uploads\/2023\/01\/2-Saltataki-Flyer-Cotesma-18-03-2048x1983.jpg 2048w, https:\/\/cultura.sma.gob.ar\/wp-content\/uploads\/2023\/01\/2-Saltataki-Flyer-Cotesma-18-03-93x90.jpg 93w\" sizes=\"auto, (max-width: 1024px) 100vw, 1024px\" \/><\/figure>\n\n\n\n<p>El pr\u00f3ximo s\u00e1bado, 18 de marzo a las 20hs, vuelve, a nuestra querida Sala Amankay, SALTATAKI, Familia Musical Viajera.<br>Saltataki es una familia salte\u00f1a de m\u00fasicos que viajan por el mundo. Recorrieron toda Am\u00e9rica Latina indagando sobre nuestro patrimonio sonoro continental. Recorrieron tambi\u00e9n toda la Argentina de norte a sur viajando en su peque\u00f1a casita rodante, tocando sus canciones.<br><br><strong>Nadine Hjelt<\/strong>\u00a0(la mam\u00e1) compositora, violinista, cantante y naturalista. Form\u00f3 parte de numerosas orquestas y grupos de c\u00e1mara.<br><strong>Sabino Figueroa<\/strong>\u00a0(el pap\u00e1) licenciado en composici\u00f3n, multiinstrumentista, cantante, productor musical y abogado. Autor de la Sinfon\u00eda Andina, estrenada por la Orquesta Sinf\u00f3nica de Salta.<br><strong>Indi Figueroa Hjelt<\/strong>, 10 a\u00f1os, compositora y cantante. Toca viol\u00edn, guitarra y percusi\u00f3n.<br><strong>Lumi Hjelt Figueroa<\/strong>, 9 a\u00f1os, compositora y cantante. Toca acorde\u00f3n, charango y percusi\u00f3n.<br><br>\u201cComponemos, interpretamos, grabamos y producimos nuestra m\u00fasica de manera independiente y artesanal. Hacemos lo que denominamos MUSICA UNIVERSAL. M\u00fasica Sagrada. M\u00fasica que es la Vida. Oriundos y con base en Salta, Argentina, Abya Yala, somos una familia viajera y el mundo es nuestro jard\u00edn\u201d.<br><br><strong>Un concierto de m\u00fasica para toda la familia.<br><br>Entradas a la Venta en Boleter\u00eda del Centro Cultural<br>Anticipadas: $1.000.-<br>Menores de 13 a\u00f1os: $800.-<br>El mismo d\u00eda $1.500.-<br><br><\/strong>Contacto:<br>WhatsApp: +549\u00a0387 579 3541<br>IG: @saltataki<br>Canal de Youtube:\u00a0<a rel=\"noreferrer noopener\" href=\"https:\/\/correo.smandes.gov.ar\/owa\/redir.aspx?C=79ecdf34729e456090281daf65140faf&amp;URL=http%3a%2f%2fwww.youtube.com%2fc%2fSALTATAKI\" target=\"_blank\">www.youtube.com\/c\/SALTATAKI<\/a>\u00a0\u00a0\u00a0\u00a0\u00a0\u00a0\u00a0<\/p>\n","protected":false},"excerpt":{"rendered":"<p>El pr\u00f3ximo s\u00e1bado, 18 de marzo a las 20hs, vuelve, a nuestra querida Sala Amankay, SALTATAKI, Familia Musical Viajera.Saltataki es una familia salte\u00f1a de m\u00fasicos que viajan por el mundo. Recorrieron toda Am\u00e9rica Latina indagando sobre nuestro patrimonio sonoro continental. Recorrieron tambi\u00e9n toda la Argentina de norte a sur viajando en su peque\u00f1a casita rodante, tocando sus canciones. Nadine Hjelt\u00a0(la mam\u00e1) compositora, violinista, cantante y &hellip; <a href=\"https:\/\/cultura.sma.gob.ar\/?p=4431\" class=\"more-link\">Continue reading <span class=\"screen-reader-text\">Familia Musical Viajera Saltataki<\/span><\/a><\/p>\n","protected":false},"author":1,"featured_media":297,"comment_status":"closed","ping_status":"","sticky":false,"template":"","format":"image","meta":{"footnotes":""},"categories":[2,9],"tags":[],"class_list":["post-4431","post","type-post","status-publish","format-image","has-post-thumbnail","hentry","category-ciudad-cultural","category-ultimas-noticias","post_format-post-format-image"],"_links":{"self":[{"href":"https:\/\/cultura.sma.gob.ar\/index.php?rest_route=\/wp\/v2\/posts\/4431","targetHints":{"allow":["GET"]}}],"collection":[{"href":"https:\/\/cultura.sma.gob.ar\/index.php?rest_route=\/wp\/v2\/posts"}],"about":[{"href":"https:\/\/cultura.sma.gob.ar\/index.php?rest_route=\/wp\/v2\/types\/post"}],"author":[{"embeddable":true,"href":"https:\/\/cultura.sma.gob.ar\/index.php?rest_route=\/wp\/v2\/users\/1"}],"replies":[{"embeddable":true,"href":"https:\/\/cultura.sma.gob.ar\/index.php?rest_route=%2Fwp%2Fv2%2Fcomments&post=4431"}],"version-history":[{"count":1,"href":"https:\/\/cultura.sma.gob.ar\/index.php?rest_route=\/wp\/v2\/posts\/4431\/revisions"}],"predecessor-version":[{"id":4433,"href":"https:\/\/cultura.sma.gob.ar\/index.php?rest_route=\/wp\/v2\/posts\/4431\/revisions\/4433"}],"wp:featuredmedia":[{"embeddable":true,"href":"https:\/\/cultura.sma.gob.ar\/index.php?rest_route=\/wp\/v2\/media\/297"}],"wp:attachment":[{"href":"https:\/\/cultura.sma.gob.ar\/index.php?rest_route=%2Fwp%2Fv2%2Fmedia&parent=4431"}],"wp:term":[{"taxonomy":"category","embeddable":true,"href":"https:\/\/cultura.sma.gob.ar\/index.php?rest_route=%2Fwp%2Fv2%2Fcategories&post=4431"},{"taxonomy":"post_tag","embeddable":true,"href":"https:\/\/cultura.sma.gob.ar\/index.php?rest_route=%2Fwp%2Fv2%2Ftags&post=4431"}],"curies":[{"name":"wp","href":"https:\/\/api.w.org\/{rel}","templated":true}]}}