{"id":4423,"date":"2023-01-11T20:48:40","date_gmt":"2023-01-11T23:48:40","guid":{"rendered":"http:\/\/cultura.sma.gob.ar\/?p=4423"},"modified":"2023-01-11T20:48:40","modified_gmt":"2023-01-11T23:48:40","slug":"llega-la-primera-noche-de-las-artes-2023","status":"publish","type":"post","link":"https:\/\/cultura.sma.gob.ar\/?p=4423","title":{"rendered":"Llega la primera Noche de las Artes 2023"},"content":{"rendered":"\n<figure class=\"wp-block-image size-large\"><img loading=\"lazy\" decoding=\"async\" width=\"1024\" height=\"1024\" src=\"http:\/\/cultura.sma.gob.ar\/wp-content\/uploads\/2023\/01\/WhatsApp-Image-2023-01-11-at-11.57.20-1024x1024.jpeg\" alt=\"\" class=\"wp-image-4424\" srcset=\"https:\/\/cultura.sma.gob.ar\/wp-content\/uploads\/2023\/01\/WhatsApp-Image-2023-01-11-at-11.57.20-1024x1024.jpeg 1024w, https:\/\/cultura.sma.gob.ar\/wp-content\/uploads\/2023\/01\/WhatsApp-Image-2023-01-11-at-11.57.20-300x300.jpeg 300w, https:\/\/cultura.sma.gob.ar\/wp-content\/uploads\/2023\/01\/WhatsApp-Image-2023-01-11-at-11.57.20-150x150.jpeg 150w, https:\/\/cultura.sma.gob.ar\/wp-content\/uploads\/2023\/01\/WhatsApp-Image-2023-01-11-at-11.57.20-768x768.jpeg 768w, https:\/\/cultura.sma.gob.ar\/wp-content\/uploads\/2023\/01\/WhatsApp-Image-2023-01-11-at-11.57.20-90x90.jpeg 90w, https:\/\/cultura.sma.gob.ar\/wp-content\/uploads\/2023\/01\/WhatsApp-Image-2023-01-11-at-11.57.20.jpeg 1080w\" sizes=\"auto, (max-width: 1024px) 100vw, 1024px\" \/><\/figure>\n\n\n\n<p>Este\u00a0 s\u00e1bado 14 de enero, desde las 18 y hasta las 00 hs., la Avenida San Mart\u00edn volver\u00e1 a convertirse en una gran peatonal de arte y cultura, para el disfrute de todas las vecinas, vecinos y visitantes.\u00a0<\/p>\n\n\n\n<p>Habr\u00e1 m\u00e1s de ciento veinte propuestas art\u00edsticas y culturales de m\u00fasica, danza, circo, teatro, escultura, t\u00edteres, pintura y literatura.<\/p>\n\n\n\n<p>El corte de la avenida ser\u00e1 desde la calle Sarmiento hasta Rivadavia. Desde las 7 \u00a0el corte ser\u00e1 total, permitiendo la circulaci\u00f3n solo por las calles Villegas y Gral. Roca.<\/p>\n\n\n\n<p>Para que todos los vecinos y vecinas puedan disfrutar plenamente de la Noche de las Artes, Expreso Los Andes incorporar\u00e1 los siguientes servicios adicionales:<\/p>\n\n\n\n<ul class=\"wp-block-list\"><li>De Terminal a Chacra 32 (Directo): 01:05 hs<\/li><\/ul>\n\n\n\n<ul class=\"wp-block-list\"><li>De Terminal a Chacra 30, 00:45 hs.<\/li><\/ul>\n\n\n\n<ul class=\"wp-block-list\"><li>De Terminal a Los Radales: 00:30 hs.<\/li><\/ul>\n\n\n\n<p>\u00a1Las y los esperamos en esta nueva edici\u00f3n de La Noche de Las Artes!<\/p>\n\n\n\n<p>Compartimos la informaci\u00f3n de stands y presentaciones de la primera Noche de las Artes 2023:<\/p>\n\n\n\n<figure class=\"wp-block-image size-large\"><img loading=\"lazy\" decoding=\"async\" width=\"810\" height=\"1024\" src=\"http:\/\/cultura.sma.gob.ar\/wp-content\/uploads\/2023\/01\/WhatsApp-Image-2023-01-11-at-11.56.45-1-810x1024.jpeg\" alt=\"\" class=\"wp-image-4427\" srcset=\"https:\/\/cultura.sma.gob.ar\/wp-content\/uploads\/2023\/01\/WhatsApp-Image-2023-01-11-at-11.56.45-1-810x1024.jpeg 810w, https:\/\/cultura.sma.gob.ar\/wp-content\/uploads\/2023\/01\/WhatsApp-Image-2023-01-11-at-11.56.45-1-237x300.jpeg 237w, https:\/\/cultura.sma.gob.ar\/wp-content\/uploads\/2023\/01\/WhatsApp-Image-2023-01-11-at-11.56.45-1-768x971.jpeg 768w, https:\/\/cultura.sma.gob.ar\/wp-content\/uploads\/2023\/01\/WhatsApp-Image-2023-01-11-at-11.56.45-1-71x90.jpeg 71w, https:\/\/cultura.sma.gob.ar\/wp-content\/uploads\/2023\/01\/WhatsApp-Image-2023-01-11-at-11.56.45-1.jpeg 1012w\" sizes=\"auto, (max-width: 810px) 100vw, 810px\" \/><\/figure>\n\n\n\n<figure class=\"wp-block-image size-large\"><img loading=\"lazy\" decoding=\"async\" width=\"898\" height=\"1024\" src=\"http:\/\/cultura.sma.gob.ar\/wp-content\/uploads\/2023\/01\/WhatsApp-Image-2023-01-11-at-11.56.45-898x1024.jpeg\" alt=\"\" class=\"wp-image-4425\" srcset=\"https:\/\/cultura.sma.gob.ar\/wp-content\/uploads\/2023\/01\/WhatsApp-Image-2023-01-11-at-11.56.45-898x1024.jpeg 898w, https:\/\/cultura.sma.gob.ar\/wp-content\/uploads\/2023\/01\/WhatsApp-Image-2023-01-11-at-11.56.45-263x300.jpeg 263w, https:\/\/cultura.sma.gob.ar\/wp-content\/uploads\/2023\/01\/WhatsApp-Image-2023-01-11-at-11.56.45-768x876.jpeg 768w, https:\/\/cultura.sma.gob.ar\/wp-content\/uploads\/2023\/01\/WhatsApp-Image-2023-01-11-at-11.56.45-79x90.jpeg 79w, https:\/\/cultura.sma.gob.ar\/wp-content\/uploads\/2023\/01\/WhatsApp-Image-2023-01-11-at-11.56.45.jpeg 1122w\" sizes=\"auto, (max-width: 898px) 100vw, 898px\" \/><\/figure>\n\n\n\n<figure class=\"wp-block-image size-large\"><img loading=\"lazy\" decoding=\"async\" width=\"1024\" height=\"618\" src=\"http:\/\/cultura.sma.gob.ar\/wp-content\/uploads\/2023\/01\/WhatsApp-Image-2023-01-11-at-11.56.44-1024x618.jpeg\" alt=\"\" class=\"wp-image-4426\" srcset=\"https:\/\/cultura.sma.gob.ar\/wp-content\/uploads\/2023\/01\/WhatsApp-Image-2023-01-11-at-11.56.44-1024x618.jpeg 1024w, https:\/\/cultura.sma.gob.ar\/wp-content\/uploads\/2023\/01\/WhatsApp-Image-2023-01-11-at-11.56.44-300x181.jpeg 300w, https:\/\/cultura.sma.gob.ar\/wp-content\/uploads\/2023\/01\/WhatsApp-Image-2023-01-11-at-11.56.44-768x463.jpeg 768w, https:\/\/cultura.sma.gob.ar\/wp-content\/uploads\/2023\/01\/WhatsApp-Image-2023-01-11-at-11.56.44-149x90.jpeg 149w, https:\/\/cultura.sma.gob.ar\/wp-content\/uploads\/2023\/01\/WhatsApp-Image-2023-01-11-at-11.56.44.jpeg 1280w\" sizes=\"auto, (max-width: 1024px) 100vw, 1024px\" \/><\/figure>\n\n\n\n<p>Para descargar el programa completo, ingresar al siguiente  link:<\/p>\n\n\n\n<ul class=\"wp-block-list\"><li><a href=\"https:\/\/drive.google.com\/file\/d\/1vGG5Vy_PkeXETZj1awljTl5_i7qumccJ\/view?usp=share_link\">https:\/\/drive.google.com\/file\/d\/1vGG5Vy_PkeXETZj1awljTl5_i7qumccJ\/view?usp=share_link<\/a><\/li><\/ul>\n","protected":false},"excerpt":{"rendered":"<p>Este\u00a0 s\u00e1bado 14 de enero, desde las 18 y hasta las 00 hs., la Avenida San Mart\u00edn volver\u00e1 a convertirse en una gran peatonal de arte y cultura, para el disfrute de todas las vecinas, vecinos y visitantes.\u00a0 Habr\u00e1 m\u00e1s de ciento veinte propuestas art\u00edsticas y culturales de m\u00fasica, danza, circo, teatro, escultura, t\u00edteres, pintura y literatura. El corte de la avenida ser\u00e1 desde la &hellip; <a href=\"https:\/\/cultura.sma.gob.ar\/?p=4423\" class=\"more-link\">Continue reading <span class=\"screen-reader-text\">Llega la primera Noche de las Artes 2023<\/span><\/a><\/p>\n","protected":false},"author":1,"featured_media":296,"comment_status":"closed","ping_status":"","sticky":false,"template":"","format":"image","meta":{"footnotes":""},"categories":[3,9],"tags":[],"class_list":["post-4423","post","type-post","status-publish","format-image","has-post-thumbnail","hentry","category-eventos-cultura","category-ultimas-noticias","post_format-post-format-image"],"_links":{"self":[{"href":"https:\/\/cultura.sma.gob.ar\/index.php?rest_route=\/wp\/v2\/posts\/4423","targetHints":{"allow":["GET"]}}],"collection":[{"href":"https:\/\/cultura.sma.gob.ar\/index.php?rest_route=\/wp\/v2\/posts"}],"about":[{"href":"https:\/\/cultura.sma.gob.ar\/index.php?rest_route=\/wp\/v2\/types\/post"}],"author":[{"embeddable":true,"href":"https:\/\/cultura.sma.gob.ar\/index.php?rest_route=\/wp\/v2\/users\/1"}],"replies":[{"embeddable":true,"href":"https:\/\/cultura.sma.gob.ar\/index.php?rest_route=%2Fwp%2Fv2%2Fcomments&post=4423"}],"version-history":[{"count":1,"href":"https:\/\/cultura.sma.gob.ar\/index.php?rest_route=\/wp\/v2\/posts\/4423\/revisions"}],"predecessor-version":[{"id":4428,"href":"https:\/\/cultura.sma.gob.ar\/index.php?rest_route=\/wp\/v2\/posts\/4423\/revisions\/4428"}],"wp:featuredmedia":[{"embeddable":true,"href":"https:\/\/cultura.sma.gob.ar\/index.php?rest_route=\/wp\/v2\/media\/296"}],"wp:attachment":[{"href":"https:\/\/cultura.sma.gob.ar\/index.php?rest_route=%2Fwp%2Fv2%2Fmedia&parent=4423"}],"wp:term":[{"taxonomy":"category","embeddable":true,"href":"https:\/\/cultura.sma.gob.ar\/index.php?rest_route=%2Fwp%2Fv2%2Fcategories&post=4423"},{"taxonomy":"post_tag","embeddable":true,"href":"https:\/\/cultura.sma.gob.ar\/index.php?rest_route=%2Fwp%2Fv2%2Ftags&post=4423"}],"curies":[{"name":"wp","href":"https:\/\/api.w.org\/{rel}","templated":true}]}}