{"id":4419,"date":"2023-01-10T09:49:31","date_gmt":"2023-01-10T12:49:31","guid":{"rendered":"http:\/\/cultura.sma.gob.ar\/?p=4419"},"modified":"2023-01-10T09:49:31","modified_gmt":"2023-01-10T12:49:31","slug":"estaciones-culturales-2023-convocatoria-para-facilitadores-de-talleres-y-cursos-artisticos-y-culturales","status":"publish","type":"post","link":"https:\/\/cultura.sma.gob.ar\/?p=4419","title":{"rendered":"ESTACIONES CULTURALES 2023: Convocatoria para facilitadores de talleres y cursos art\u00edsticos y culturales"},"content":{"rendered":"\n<figure class=\"wp-block-image size-large\"><img loading=\"lazy\" decoding=\"async\" width=\"819\" height=\"1024\" src=\"http:\/\/cultura.sma.gob.ar\/wp-content\/uploads\/2023\/01\/WhatsApp-Image-2023-01-10-at-09.21.51-819x1024.jpeg\" alt=\"\" class=\"wp-image-4420\" srcset=\"https:\/\/cultura.sma.gob.ar\/wp-content\/uploads\/2023\/01\/WhatsApp-Image-2023-01-10-at-09.21.51-819x1024.jpeg 819w, https:\/\/cultura.sma.gob.ar\/wp-content\/uploads\/2023\/01\/WhatsApp-Image-2023-01-10-at-09.21.51-240x300.jpeg 240w, https:\/\/cultura.sma.gob.ar\/wp-content\/uploads\/2023\/01\/WhatsApp-Image-2023-01-10-at-09.21.51-768x960.jpeg 768w, https:\/\/cultura.sma.gob.ar\/wp-content\/uploads\/2023\/01\/WhatsApp-Image-2023-01-10-at-09.21.51-72x90.jpeg 72w, https:\/\/cultura.sma.gob.ar\/wp-content\/uploads\/2023\/01\/WhatsApp-Image-2023-01-10-at-09.21.51.jpeg 1024w\" sizes=\"auto, (max-width: 819px) 100vw, 819px\" \/><\/figure>\n\n\n\n<p>La Secretar\u00eda de Cultura invita a presentar propuestas de talleres y cursos art\u00edsticos y culturales para la edici\u00f3n 2023 del programa \u201cEstaciones Culturales\u201d.<\/p>\n\n\n\n<p>El programa \u201cEstaciones Culturales\u201d ofrece una amplia gama de talleres art\u00edsticos y culturales gratuitos en distintos barrios de la localidad. Cada \u201cEstaci\u00f3n\u201d funciona hasta tres veces por semana desde las 16 y 22 hs.<\/p>\n\n\n\n<p>La convocatoria a facilitadoras y facilitadores para este a\u00f1o estar\u00e1 abierta desde el mi\u00e9rcoles 11 de enero hasta el martes 14 de febrero. Importante: es condici\u00f3n indispensable contar con monotributo propio y activo al momento de presentarse a la convocatoria.<\/p>\n\n\n\n<p>Para presentar propuestas, las personas interesadas deben completar el siguiente formulario: <a href=\"https:\/\/forms.gle\/orzLdvbCQmJADNo29\">https:\/\/forms.gle\/orzLdvbCQmJADNo29<\/a><\/p>\n\n\n\n<p>Si quer\u00e9s saber m\u00e1s sobre el programa Estaciones Culturales, pod\u00e9s ingresar a <a href=\"http:\/\/cultura.sma.gob.ar\/2022\/06\/04\/estaciones-culturales-2022\/\">cultura.sma.gob.ar\/2022\/06\/04\/estaciones-culturales-2022\/<\/a><\/p>\n\n\n\n<p>Para consultas pod\u00e9s comunicarte a trav\u00e9s mail a tallerescultura.sma@gmail.com<\/p>\n","protected":false},"excerpt":{"rendered":"<p>La Secretar\u00eda de Cultura invita a presentar propuestas de talleres y cursos art\u00edsticos y culturales para la edici\u00f3n 2023 del programa \u201cEstaciones Culturales\u201d. El programa \u201cEstaciones Culturales\u201d ofrece una amplia gama de talleres art\u00edsticos y culturales gratuitos en distintos barrios de la localidad. Cada \u201cEstaci\u00f3n\u201d funciona hasta tres veces por semana desde las 16 y 22 hs. La convocatoria a facilitadoras y facilitadores para este &hellip; <a href=\"https:\/\/cultura.sma.gob.ar\/?p=4419\" class=\"more-link\">Continue reading <span class=\"screen-reader-text\">ESTACIONES CULTURALES 2023: Convocatoria para facilitadores de talleres y cursos art\u00edsticos y culturales<\/span><\/a><\/p>\n","protected":false},"author":1,"featured_media":293,"comment_status":"closed","ping_status":"","sticky":false,"template":"","format":"image","meta":{"footnotes":""},"categories":[7,9],"tags":[],"class_list":["post-4419","post","type-post","status-publish","format-image","has-post-thumbnail","hentry","category-talleres-cultura","category-ultimas-noticias","post_format-post-format-image"],"_links":{"self":[{"href":"https:\/\/cultura.sma.gob.ar\/index.php?rest_route=\/wp\/v2\/posts\/4419","targetHints":{"allow":["GET"]}}],"collection":[{"href":"https:\/\/cultura.sma.gob.ar\/index.php?rest_route=\/wp\/v2\/posts"}],"about":[{"href":"https:\/\/cultura.sma.gob.ar\/index.php?rest_route=\/wp\/v2\/types\/post"}],"author":[{"embeddable":true,"href":"https:\/\/cultura.sma.gob.ar\/index.php?rest_route=\/wp\/v2\/users\/1"}],"replies":[{"embeddable":true,"href":"https:\/\/cultura.sma.gob.ar\/index.php?rest_route=%2Fwp%2Fv2%2Fcomments&post=4419"}],"version-history":[{"count":1,"href":"https:\/\/cultura.sma.gob.ar\/index.php?rest_route=\/wp\/v2\/posts\/4419\/revisions"}],"predecessor-version":[{"id":4421,"href":"https:\/\/cultura.sma.gob.ar\/index.php?rest_route=\/wp\/v2\/posts\/4419\/revisions\/4421"}],"wp:featuredmedia":[{"embeddable":true,"href":"https:\/\/cultura.sma.gob.ar\/index.php?rest_route=\/wp\/v2\/media\/293"}],"wp:attachment":[{"href":"https:\/\/cultura.sma.gob.ar\/index.php?rest_route=%2Fwp%2Fv2%2Fmedia&parent=4419"}],"wp:term":[{"taxonomy":"category","embeddable":true,"href":"https:\/\/cultura.sma.gob.ar\/index.php?rest_route=%2Fwp%2Fv2%2Fcategories&post=4419"},{"taxonomy":"post_tag","embeddable":true,"href":"https:\/\/cultura.sma.gob.ar\/index.php?rest_route=%2Fwp%2Fv2%2Ftags&post=4419"}],"curies":[{"name":"wp","href":"https:\/\/api.w.org\/{rel}","templated":true}]}}