{"id":4415,"date":"2023-01-08T17:06:16","date_gmt":"2023-01-08T20:06:16","guid":{"rendered":"http:\/\/cultura.sma.gob.ar\/?p=4415"},"modified":"2023-01-08T17:06:16","modified_gmt":"2023-01-08T20:06:16","slug":"programa-de-experimentacion-y-desobediencias-audiovisuales-en-espacio-trama","status":"publish","type":"post","link":"https:\/\/cultura.sma.gob.ar\/?p=4415","title":{"rendered":"Programa de Experimentaci\u00f3n y Desobediencias Audiovisuales en Espacio Trama"},"content":{"rendered":"\n<figure class=\"wp-block-image size-large\"><img loading=\"lazy\" decoding=\"async\" width=\"1024\" height=\"1024\" src=\"http:\/\/cultura.sma.gob.ar\/wp-content\/uploads\/2023\/01\/programa-audiovisuales-1-1-1024x1024.jpeg\" alt=\"\" class=\"wp-image-4416\" srcset=\"https:\/\/cultura.sma.gob.ar\/wp-content\/uploads\/2023\/01\/programa-audiovisuales-1-1-1024x1024.jpeg 1024w, https:\/\/cultura.sma.gob.ar\/wp-content\/uploads\/2023\/01\/programa-audiovisuales-1-1-300x300.jpeg 300w, https:\/\/cultura.sma.gob.ar\/wp-content\/uploads\/2023\/01\/programa-audiovisuales-1-1-150x150.jpeg 150w, https:\/\/cultura.sma.gob.ar\/wp-content\/uploads\/2023\/01\/programa-audiovisuales-1-1-768x768.jpeg 768w, https:\/\/cultura.sma.gob.ar\/wp-content\/uploads\/2023\/01\/programa-audiovisuales-1-1-90x90.jpeg 90w, https:\/\/cultura.sma.gob.ar\/wp-content\/uploads\/2023\/01\/programa-audiovisuales-1-1.jpeg 1280w\" sizes=\"auto, (max-width: 1024px) 100vw, 1024px\" \/><\/figure>\n\n\n\n<p>Vuelve en modo intensivo el Programa de Experimentaci\u00f3n y Desobediencias Audiovisuales. Este a\u00f1o armamos dos grupos. La segunda edici\u00f3n del grupo de 14 a 18 a\u00f1os se va a desarrollar en ENERO en el CIART N5 de San Mart\u00edn de los Andes y el grupo de +18 a\u00f1os es durante FEBRERO en ESPACIO TRAMA. Dictados por Agust\u00edn Montangie y Malen Ota\u00f1o.&nbsp;<\/p>\n\n\n\n<p>El programa recorre y aborda el guion, los distintos modos de producci\u00f3n, montaje, las distintas \u00e1reas (arte y fotograf\u00eda) y pr\u00e1cticas de rodaje. Ambos talleres son gratuitos. Para m\u00e1s informaci\u00f3n mandar mail a:<\/p>\n\n\n\n<p><a href=\"https:\/\/correo.smandes.gov.ar\/owa\/redir.aspx?C=1a11dde555124cccb80212e0f639912d&amp;URL=mailto%3adesobedienciasaudiovisuales%40gmail.com\">desobedienciasaudiovisuales@gmail.com<\/a><\/p>\n\n\n\n<p>No hace falta tener ning\u00fan conocimiento previo en video ni otra disciplina art\u00edstica.<\/p>\n","protected":false},"excerpt":{"rendered":"<p>Vuelve en modo intensivo el Programa de Experimentaci\u00f3n y Desobediencias Audiovisuales. Este a\u00f1o armamos dos grupos. La segunda edici\u00f3n del grupo de 14 a 18 a\u00f1os se va a desarrollar en ENERO en el CIART N5 de San Mart\u00edn de los Andes y el grupo de +18 a\u00f1os es durante FEBRERO en ESPACIO TRAMA. Dictados por Agust\u00edn Montangie y Malen Ota\u00f1o.&nbsp; El programa recorre y &hellip; <a href=\"https:\/\/cultura.sma.gob.ar\/?p=4415\" class=\"more-link\">Continue reading <span class=\"screen-reader-text\">Programa de Experimentaci\u00f3n y Desobediencias Audiovisuales en Espacio Trama<\/span><\/a><\/p>\n","protected":false},"author":1,"featured_media":297,"comment_status":"closed","ping_status":"","sticky":false,"template":"","format":"image","meta":{"footnotes":""},"categories":[2,9],"tags":[],"class_list":["post-4415","post","type-post","status-publish","format-image","has-post-thumbnail","hentry","category-ciudad-cultural","category-ultimas-noticias","post_format-post-format-image"],"_links":{"self":[{"href":"https:\/\/cultura.sma.gob.ar\/index.php?rest_route=\/wp\/v2\/posts\/4415","targetHints":{"allow":["GET"]}}],"collection":[{"href":"https:\/\/cultura.sma.gob.ar\/index.php?rest_route=\/wp\/v2\/posts"}],"about":[{"href":"https:\/\/cultura.sma.gob.ar\/index.php?rest_route=\/wp\/v2\/types\/post"}],"author":[{"embeddable":true,"href":"https:\/\/cultura.sma.gob.ar\/index.php?rest_route=\/wp\/v2\/users\/1"}],"replies":[{"embeddable":true,"href":"https:\/\/cultura.sma.gob.ar\/index.php?rest_route=%2Fwp%2Fv2%2Fcomments&post=4415"}],"version-history":[{"count":1,"href":"https:\/\/cultura.sma.gob.ar\/index.php?rest_route=\/wp\/v2\/posts\/4415\/revisions"}],"predecessor-version":[{"id":4417,"href":"https:\/\/cultura.sma.gob.ar\/index.php?rest_route=\/wp\/v2\/posts\/4415\/revisions\/4417"}],"wp:featuredmedia":[{"embeddable":true,"href":"https:\/\/cultura.sma.gob.ar\/index.php?rest_route=\/wp\/v2\/media\/297"}],"wp:attachment":[{"href":"https:\/\/cultura.sma.gob.ar\/index.php?rest_route=%2Fwp%2Fv2%2Fmedia&parent=4415"}],"wp:term":[{"taxonomy":"category","embeddable":true,"href":"https:\/\/cultura.sma.gob.ar\/index.php?rest_route=%2Fwp%2Fv2%2Fcategories&post=4415"},{"taxonomy":"post_tag","embeddable":true,"href":"https:\/\/cultura.sma.gob.ar\/index.php?rest_route=%2Fwp%2Fv2%2Ftags&post=4415"}],"curies":[{"name":"wp","href":"https:\/\/api.w.org\/{rel}","templated":true}]}}