{"id":4410,"date":"2023-01-06T13:45:39","date_gmt":"2023-01-06T16:45:39","guid":{"rendered":"http:\/\/cultura.sma.gob.ar\/?p=4410"},"modified":"2023-01-06T13:45:39","modified_gmt":"2023-01-06T16:45:39","slug":"anarquia-maritima-en-la-sala-amankay","status":"publish","type":"post","link":"https:\/\/cultura.sma.gob.ar\/?p=4410","title":{"rendered":"&#8221;Anarqu\u00eda Mar\u00edtima&#8221;, en la Sala Amankay"},"content":{"rendered":"\n<figure class=\"wp-block-image size-large\"><img loading=\"lazy\" decoding=\"async\" width=\"1024\" height=\"1024\" src=\"http:\/\/cultura.sma.gob.ar\/wp-content\/uploads\/2023\/01\/Flyer-Anarquia-Maritima-20-de-enero-Feed-1024x1024.jpeg\" alt=\"\" class=\"wp-image-4412\" srcset=\"https:\/\/cultura.sma.gob.ar\/wp-content\/uploads\/2023\/01\/Flyer-Anarquia-Maritima-20-de-enero-Feed-1024x1024.jpeg 1024w, https:\/\/cultura.sma.gob.ar\/wp-content\/uploads\/2023\/01\/Flyer-Anarquia-Maritima-20-de-enero-Feed-300x300.jpeg 300w, https:\/\/cultura.sma.gob.ar\/wp-content\/uploads\/2023\/01\/Flyer-Anarquia-Maritima-20-de-enero-Feed-150x150.jpeg 150w, https:\/\/cultura.sma.gob.ar\/wp-content\/uploads\/2023\/01\/Flyer-Anarquia-Maritima-20-de-enero-Feed-768x768.jpeg 768w, https:\/\/cultura.sma.gob.ar\/wp-content\/uploads\/2023\/01\/Flyer-Anarquia-Maritima-20-de-enero-Feed-90x90.jpeg 90w, https:\/\/cultura.sma.gob.ar\/wp-content\/uploads\/2023\/01\/Flyer-Anarquia-Maritima-20-de-enero-Feed.jpeg 1080w\" sizes=\"auto, (max-width: 1024px) 100vw, 1024px\" \/><\/figure>\n\n\n\n<p>El pr\u00f3ximo viernes, 20 de enero a las 22hs, en nuestra querida Sala Amankay, Pan y Circo C\u00eda. Teatral presenta \u201cANARQU\u00cdA MAR\u00cdTIMA (El mundo perdido en un juego de azar)\u201d.<br><br>&#8220;ANARQU\u00cdA MAR\u00cdTIMA (El mundo perdido en un juego de azar)\u201d es una obra de dramaturgia de la compa\u00f1\u00eda pan y circo teatro. Sobre la base del estilo de la commedia dell\u00b4 arte y el teatro buffo, se presentan el juicio inicial en el puerto del mundo con las cartas de las impertinencias.<br>Dos timadores que se animan a quebrar la mec\u00e1nica del mundo (vida y muerte, trabajar y dormir, comer y sobrevivir), con pases de mascaradas y la ayuda de un s\u00e9quito de jueces disfrazados de p\u00fablico, se da comienzo al juego de juzgar, m\u00e1s bien al &#8220;juezgo&#8221;.<br><br>Entrada General $1.000.- En venta en la Boleteria del Centro Cultural.<br>Espect\u00e1culo destinado a mayores de 16 a\u00f1os (los menores pueden verla pero no entender\u00e1n mucho).<br><br>Redes:<br>IG: @panycircoteatro<br>FB: \/\/panycircoteatro<br><br>Tel de Contacto:<br>2915769183 (Federico Lecanda)<br>2932517140 (Virginia Falc\u00f3n)<br><br><strong><u>Historia de la Compa\u00f1\u00eda<\/u><\/strong><br>La compa\u00f1\u00eda bahiense&nbsp;<strong>Pan y Circo Teatro&nbsp;<\/strong>est\u00e1 constituido por&nbsp;<strong>Virginia Falc\u00f3n y Federico Lecanda,&nbsp;<\/strong>ambos actores, m\u00fasicos, directores, dramaturgos, fabricantes de m\u00e1scaras, dise\u00f1adores de luces y vestuario, profesionales universitarios de la carrera Letras de Universidad Nacional del Sur. Actualmente cursan la Maestr\u00eda en Teatro en la Universidad Nacional del Centro en la ciudad de Tandil.<\/p>\n\n\n\n<p>Dicho conjunto nace de la inquietud de sus integrantes por experimentar con diferentes lenguajes esc\u00e9nicos, apostando por un espacio esc\u00e9nico que sea a su vez un punto de encuentro entre las distintas disciplinas art\u00edsticas. Todo ello, sin olvidar la idea de hacer un teatro accesible para el p\u00fablico. Un teatro vital, actual, comprometido y conectado con la realidad, realizando obras de arte que llevan al espectador a un mundo de sentimientos sin fin.<\/p>\n\n\n\n<p>La investigaci\u00f3n con el Teatro de M\u00e1scara, Commedia dell\u00b4 Arte, Buf\u00f3n, Juglar\u00eda y Clown comienza en el a\u00f1o 2012 y desde all\u00ed, gracias a la formaci\u00f3n y entrenamientos dirigidos por maestros como JAVIER TEN\u00cdAS, JORGE COSTA, SANTIAGO PEREYRA, MAT\u00cdAS LAUSADA y una situaci\u00f3n social eminente lleva al grupo a relacionar las formas cl\u00e1sicas de estas est\u00e9ticas a la cr\u00edtica y an\u00e1lisis de la sociedad, a los sectores dominantes y, sus formas eternas para mantener el poder. Sin olvidar la esencia de los &#8220;carromatos itinerantes de la Commedia dell Arte, cada espect\u00e1culo cuenta con Asesor\u00edas Esc\u00e9nicas de diferentes directores y asistencia t\u00e9cnica de diferentes profesionales de las artes esc\u00e9nicas.<\/p>\n\n\n\n<p>Asimismo, el trabajo actoral de la compa\u00f1\u00eda ha permitido ofrecer a diferentes instituciones y agrupaciones producciones est\u00e9ticas como intervenciones urbanas, obras para adolescentes y eventos solidarios. Han participado de diferentes festivales en las Artes Esc\u00e9nicas de car\u00e1cter nacional e internacionales.<br><br><strong><u>Participaci\u00f3n en festivales<\/u><\/strong>:<\/p>\n\n\n\n<ul class=\"wp-block-list\"><li>Festival de Teatro \u201cPuerto Cultural\u201d &#8211; 16 al 24 de Octubre \u2013 2021- Ingeniero White. Buenos Aires. Argentina<\/li><li>\u201cTeatrando\u201d \u2013 Teatro Municipal Bah\u00eda Blanca \u2013 30 de Noviembre 20021 \u2013 Bah\u00eda Blanca. Buenos Aires. Argentina<\/li><li>\u201cFestival del Pueblo \u2013 5ta Edici\u00f3n\u201d Domingo 12 Diciembre 2021 \u2013 Bah\u00eda Blanca, Buenos Aires. Argentina.<\/li><li>\u201cBah\u00eda Teatro\u201d 17\u00b0 Edici\u00f3n de Festival de Artes Esc\u00e9nicas \u2013 Bah\u00eda Blanca, Buenos Aires. Argentina \u2013 MAYO 2022<\/li><li>Fiesta Regional de Teatro Independiente de Bueno Aires \u2013 Ganadora de Primer Orden de m\u00e9rito para instancia Provincial \u2013 ABRIL 2022<\/li><li>Fiesta Provincial de Teatro Independiente de Buenos Aires \u2013 3\u00b0 puesto suplente para participar de la Instancia Nacional &#8211; Menci\u00f3n \u201cMEJOR LABOR ACTORAL\u201d a la actriz Virginia Soledad Falc\u00f3n \u2013 JUNIO 2022<\/li><li>\u201cFestival de Teatro Nacional en la Ciudad del Zapala\u201d \u2013 Zapala \u2013 Neuqu\u00e9n \u2013 9-10-11-12 SEPTIEMBRE 2022<\/li><li>\u201c10ma. Edici\u00f3n Festival de Teatro\u201d en Lincoln \u2013 Buenos Aires \u2013 24-25-26 de SEPTIEMBRE 2022<\/li><li>2da Feria Regional del Libro en la Ciudad de Zapala Neuqu\u00e9n \u2013 2 OCTUBRE 2022<\/li><li>Festival Teatral \u201cGEOMETR\u00cdA DE LA PIZZA\u201d 7-8-9 de OCTUBRE<\/li><li>E.L.T (Festival Ensue\u00f1os de Teatro Latinomericano) Escobar \u2013 Buenos Aires \u2013 27-28-29-30 de Octubre.<\/li><\/ul>\n","protected":false},"excerpt":{"rendered":"<p>El pr\u00f3ximo viernes, 20 de enero a las 22hs, en nuestra querida Sala Amankay, Pan y Circo C\u00eda. Teatral presenta \u201cANARQU\u00cdA MAR\u00cdTIMA (El mundo perdido en un juego de azar)\u201d. &#8220;ANARQU\u00cdA MAR\u00cdTIMA (El mundo perdido en un juego de azar)\u201d es una obra de dramaturgia de la compa\u00f1\u00eda pan y circo teatro. Sobre la base del estilo de la commedia dell\u00b4 arte y el teatro &hellip; <a href=\"https:\/\/cultura.sma.gob.ar\/?p=4410\" class=\"more-link\">Continue reading <span class=\"screen-reader-text\">&#8221;Anarqu\u00eda Mar\u00edtima&#8221;, en la Sala Amankay<\/span><\/a><\/p>\n","protected":false},"author":1,"featured_media":4412,"comment_status":"closed","ping_status":"","sticky":false,"template":"","format":"image","meta":{"footnotes":""},"categories":[2,9],"tags":[],"class_list":["post-4410","post","type-post","status-publish","format-image","has-post-thumbnail","hentry","category-ciudad-cultural","category-ultimas-noticias","post_format-post-format-image"],"_links":{"self":[{"href":"https:\/\/cultura.sma.gob.ar\/index.php?rest_route=\/wp\/v2\/posts\/4410","targetHints":{"allow":["GET"]}}],"collection":[{"href":"https:\/\/cultura.sma.gob.ar\/index.php?rest_route=\/wp\/v2\/posts"}],"about":[{"href":"https:\/\/cultura.sma.gob.ar\/index.php?rest_route=\/wp\/v2\/types\/post"}],"author":[{"embeddable":true,"href":"https:\/\/cultura.sma.gob.ar\/index.php?rest_route=\/wp\/v2\/users\/1"}],"replies":[{"embeddable":true,"href":"https:\/\/cultura.sma.gob.ar\/index.php?rest_route=%2Fwp%2Fv2%2Fcomments&post=4410"}],"version-history":[{"count":1,"href":"https:\/\/cultura.sma.gob.ar\/index.php?rest_route=\/wp\/v2\/posts\/4410\/revisions"}],"predecessor-version":[{"id":4413,"href":"https:\/\/cultura.sma.gob.ar\/index.php?rest_route=\/wp\/v2\/posts\/4410\/revisions\/4413"}],"wp:featuredmedia":[{"embeddable":true,"href":"https:\/\/cultura.sma.gob.ar\/index.php?rest_route=\/wp\/v2\/media\/4412"}],"wp:attachment":[{"href":"https:\/\/cultura.sma.gob.ar\/index.php?rest_route=%2Fwp%2Fv2%2Fmedia&parent=4410"}],"wp:term":[{"taxonomy":"category","embeddable":true,"href":"https:\/\/cultura.sma.gob.ar\/index.php?rest_route=%2Fwp%2Fv2%2Fcategories&post=4410"},{"taxonomy":"post_tag","embeddable":true,"href":"https:\/\/cultura.sma.gob.ar\/index.php?rest_route=%2Fwp%2Fv2%2Ftags&post=4410"}],"curies":[{"name":"wp","href":"https:\/\/api.w.org\/{rel}","templated":true}]}}