{"id":4404,"date":"2023-01-04T20:06:26","date_gmt":"2023-01-04T23:06:26","guid":{"rendered":"http:\/\/cultura.sma.gob.ar\/?p=4404"},"modified":"2023-01-05T15:40:38","modified_gmt":"2023-01-05T18:40:38","slug":"calle-cultural-abre-su-convocatoria-para-este-verano-2023","status":"publish","type":"post","link":"https:\/\/cultura.sma.gob.ar\/?p=4404","title":{"rendered":"&#8221;Calle Cultural&#8221; abre su convocatoria para este verano 2023"},"content":{"rendered":"\n<figure class=\"wp-block-image size-large\"><img loading=\"lazy\" decoding=\"async\" width=\"1024\" height=\"1024\" src=\"http:\/\/cultura.sma.gob.ar\/wp-content\/uploads\/2023\/01\/calle-cultural23-04-1024x1024.jpg\" alt=\"\" class=\"wp-image-4405\" srcset=\"https:\/\/cultura.sma.gob.ar\/wp-content\/uploads\/2023\/01\/calle-cultural23-04-1024x1024.jpg 1024w, https:\/\/cultura.sma.gob.ar\/wp-content\/uploads\/2023\/01\/calle-cultural23-04-300x300.jpg 300w, https:\/\/cultura.sma.gob.ar\/wp-content\/uploads\/2023\/01\/calle-cultural23-04-150x150.jpg 150w, https:\/\/cultura.sma.gob.ar\/wp-content\/uploads\/2023\/01\/calle-cultural23-04-768x768.jpg 768w, https:\/\/cultura.sma.gob.ar\/wp-content\/uploads\/2023\/01\/calle-cultural23-04-90x90.jpg 90w, https:\/\/cultura.sma.gob.ar\/wp-content\/uploads\/2023\/01\/calle-cultural23-04.jpg 1250w\" sizes=\"auto, (max-width: 1024px) 100vw, 1024px\" \/><\/figure>\n\n\n\n<p>La Secretar\u00eda de Cultura invita a los\/as artistas de la localidad a presentar propuestas de arte callejero para el programa Calle Cultural 2023.<\/p>\n\n\n\n<p>Calle Cultural es un programa que fomenta la realizaci\u00f3n de funciones en el espacio p\u00fablico de los barrios. Pueden presentarse propuestas de m\u00fasica, danza, circo, t\u00edteres, teatro y otras disciplinas de arte callejero. Quienes resulten seleccionados recibir\u00e1n un incentivo econ\u00f3mico y tambi\u00e9n podr\u00e1n pasar la gorra.<\/p>\n\n\n\n<p>Es requisito para participar contar con monotributo propio y estar registrado en el Registro Municipal de trabajadores\/as de la Cultura. Ord. 13037\/20.<\/p>\n\n\n\n<p>Quienes quieran participar deber\u00e1n completar el siguiente formulario online:<\/p>\n\n\n\n<p>Formulario para presentar propuestas: <a href=\"https:\/\/forms.gle\/rtoQjE6HuyudkLubA\">https:\/\/forms.gle\/rtoQjE6HuyudkLubA<\/a><\/p>\n\n\n\n<p>Registro municipal de trabajadores de trabajadores y trabajadoras de la cultura, ingresando al siguiente link:<\/p>\n\n\n\n<figure class=\"wp-block-embed-wordpress wp-block-embed is-type-wp-embed is-provider-wordpress\"><div class=\"wp-block-embed__wrapper\">\n<blockquote class=\"wp-embedded-content\" data-secret=\"DSTg6wQCbL\"><a href=\"http:\/\/cultura.sma.gob.ar\/2022\/04\/20\/continua-abierta-la-inscripcion-al-registro-municipal-de-trabajadores-y-trabajadoras-de-la-cultura\/\">Contin\u00faa abierta la inscripci\u00f3n al Registro Municipal de Trabajadores y Trabajadoras de la Cultura<\/a><\/blockquote><iframe loading=\"lazy\" class=\"wp-embedded-content\" sandbox=\"allow-scripts\" security=\"restricted\" style=\"position: absolute; clip: rect(1px, 1px, 1px, 1px);\" title=\"&#8220;Contin\u00faa abierta la inscripci\u00f3n al Registro Municipal de Trabajadores y Trabajadoras de la Cultura&#8221; &#8212; \" src=\"http:\/\/cultura.sma.gob.ar\/2022\/04\/20\/continua-abierta-la-inscripcion-al-registro-municipal-de-trabajadores-y-trabajadoras-de-la-cultura\/embed\/#?secret=DSTg6wQCbL\" data-secret=\"DSTg6wQCbL\" width=\"600\" height=\"338\" frameborder=\"0\" marginwidth=\"0\" marginheight=\"0\" scrolling=\"no\"><\/iframe>\n<\/div><\/figure>\n","protected":false},"excerpt":{"rendered":"<p>La Secretar\u00eda de Cultura invita a los\/as artistas de la localidad a presentar propuestas de arte callejero para el programa Calle Cultural 2023. Calle Cultural es un programa que fomenta la realizaci\u00f3n de funciones en el espacio p\u00fablico de los barrios. Pueden presentarse propuestas de m\u00fasica, danza, circo, t\u00edteres, teatro y otras disciplinas de arte callejero. Quienes resulten seleccionados recibir\u00e1n un incentivo econ\u00f3mico y tambi\u00e9n &hellip; <a href=\"https:\/\/cultura.sma.gob.ar\/?p=4404\" class=\"more-link\">Continue reading <span class=\"screen-reader-text\">&#8221;Calle Cultural&#8221; abre su convocatoria para este verano 2023<\/span><\/a><\/p>\n","protected":false},"author":1,"featured_media":296,"comment_status":"closed","ping_status":"","sticky":false,"template":"","format":"image","meta":{"footnotes":""},"categories":[3,9],"tags":[],"class_list":["post-4404","post","type-post","status-publish","format-image","has-post-thumbnail","hentry","category-eventos-cultura","category-ultimas-noticias","post_format-post-format-image"],"_links":{"self":[{"href":"https:\/\/cultura.sma.gob.ar\/index.php?rest_route=\/wp\/v2\/posts\/4404","targetHints":{"allow":["GET"]}}],"collection":[{"href":"https:\/\/cultura.sma.gob.ar\/index.php?rest_route=\/wp\/v2\/posts"}],"about":[{"href":"https:\/\/cultura.sma.gob.ar\/index.php?rest_route=\/wp\/v2\/types\/post"}],"author":[{"embeddable":true,"href":"https:\/\/cultura.sma.gob.ar\/index.php?rest_route=\/wp\/v2\/users\/1"}],"replies":[{"embeddable":true,"href":"https:\/\/cultura.sma.gob.ar\/index.php?rest_route=%2Fwp%2Fv2%2Fcomments&post=4404"}],"version-history":[{"count":3,"href":"https:\/\/cultura.sma.gob.ar\/index.php?rest_route=\/wp\/v2\/posts\/4404\/revisions"}],"predecessor-version":[{"id":4409,"href":"https:\/\/cultura.sma.gob.ar\/index.php?rest_route=\/wp\/v2\/posts\/4404\/revisions\/4409"}],"wp:featuredmedia":[{"embeddable":true,"href":"https:\/\/cultura.sma.gob.ar\/index.php?rest_route=\/wp\/v2\/media\/296"}],"wp:attachment":[{"href":"https:\/\/cultura.sma.gob.ar\/index.php?rest_route=%2Fwp%2Fv2%2Fmedia&parent=4404"}],"wp:term":[{"taxonomy":"category","embeddable":true,"href":"https:\/\/cultura.sma.gob.ar\/index.php?rest_route=%2Fwp%2Fv2%2Fcategories&post=4404"},{"taxonomy":"post_tag","embeddable":true,"href":"https:\/\/cultura.sma.gob.ar\/index.php?rest_route=%2Fwp%2Fv2%2Ftags&post=4404"}],"curies":[{"name":"wp","href":"https:\/\/api.w.org\/{rel}","templated":true}]}}