{"id":4393,"date":"2023-01-01T19:38:31","date_gmt":"2023-01-01T22:38:31","guid":{"rendered":"http:\/\/cultura.sma.gob.ar\/?p=4393"},"modified":"2023-01-02T11:50:50","modified_gmt":"2023-01-02T14:50:50","slug":"workchop-de-acrobacias-de-piso-en-el-centro-cultural-cotesma","status":"publish","type":"post","link":"https:\/\/cultura.sma.gob.ar\/?p=4393","title":{"rendered":"Workshop de acrobacias de piso en el Centro Cultural Cotesma"},"content":{"rendered":"\n<figure class=\"wp-block-image size-large\"><img loading=\"lazy\" decoding=\"async\" width=\"1024\" height=\"1024\" src=\"http:\/\/cultura.sma.gob.ar\/wp-content\/uploads\/2023\/01\/WORKSHOP-ACRO-4-1024x1024.png\" alt=\"\" class=\"wp-image-4394\" srcset=\"https:\/\/cultura.sma.gob.ar\/wp-content\/uploads\/2023\/01\/WORKSHOP-ACRO-4-1024x1024.png 1024w, https:\/\/cultura.sma.gob.ar\/wp-content\/uploads\/2023\/01\/WORKSHOP-ACRO-4-300x300.png 300w, https:\/\/cultura.sma.gob.ar\/wp-content\/uploads\/2023\/01\/WORKSHOP-ACRO-4-150x150.png 150w, https:\/\/cultura.sma.gob.ar\/wp-content\/uploads\/2023\/01\/WORKSHOP-ACRO-4-768x768.png 768w, https:\/\/cultura.sma.gob.ar\/wp-content\/uploads\/2023\/01\/WORKSHOP-ACRO-4-90x90.png 90w, https:\/\/cultura.sma.gob.ar\/wp-content\/uploads\/2023\/01\/WORKSHOP-ACRO-4.png 1080w\" sizes=\"auto, (max-width: 1024px) 100vw, 1024px\" \/><\/figure>\n\n\n\n<p>El pr\u00f3ximo mi\u00e9rcoles, 18 de enero a las 20:30hs, la Bailarina y Profesora Bel\u00e9n Alcar\u00e1z presenta un imperdible \u201cWORKSHOP&nbsp;DE ACROBACIAS SOBRE PISO\u201d para todos los niveles.<\/p>\n\n\n\n<p>El espacio va a estar destinado mayormente a aquellos alumnos que quieran incursionar en la acrobacia y comenzar a desarrollar su fuerza, estabilidad y flexibilidad en la acrobacia de piso.<\/p>\n\n\n\n<p>Tambi\u00e9n es un espacio para aquellos alumnos que est\u00e9n en un nivel acrob\u00e1tico intermedio y quieran aprovechar para pulir y mejorar su t\u00e9cnica.<br>Ideal para bailarines que quieran implementar nuevos elementos a su danza y mejorar aquellos con los que ya cuentan.<br>La duraci\u00f3n aproximada es de 1.30hs y ser\u00e1 con inscripci\u00f3n previa ya que los cupos son limitados! Podes comunicarte al 351 8018525 &#8211; Bel\u00e9n Alcaraz.<\/p>\n","protected":false},"excerpt":{"rendered":"<p>El pr\u00f3ximo mi\u00e9rcoles, 18 de enero a las 20:30hs, la Bailarina y Profesora Bel\u00e9n Alcar\u00e1z presenta un imperdible \u201cWORKSHOP&nbsp;DE ACROBACIAS SOBRE PISO\u201d para todos los niveles. El espacio va a estar destinado mayormente a aquellos alumnos que quieran incursionar en la acrobacia y comenzar a desarrollar su fuerza, estabilidad y flexibilidad en la acrobacia de piso. Tambi\u00e9n es un espacio para aquellos alumnos que est\u00e9n &hellip; <a href=\"https:\/\/cultura.sma.gob.ar\/?p=4393\" class=\"more-link\">Continue reading <span class=\"screen-reader-text\">Workshop de acrobacias de piso en el Centro Cultural Cotesma<\/span><\/a><\/p>\n","protected":false},"author":1,"featured_media":297,"comment_status":"closed","ping_status":"closed","sticky":false,"template":"","format":"image","meta":{"footnotes":""},"categories":[2,9],"tags":[],"class_list":["post-4393","post","type-post","status-publish","format-image","has-post-thumbnail","hentry","category-ciudad-cultural","category-ultimas-noticias","post_format-post-format-image"],"_links":{"self":[{"href":"https:\/\/cultura.sma.gob.ar\/index.php?rest_route=\/wp\/v2\/posts\/4393","targetHints":{"allow":["GET"]}}],"collection":[{"href":"https:\/\/cultura.sma.gob.ar\/index.php?rest_route=\/wp\/v2\/posts"}],"about":[{"href":"https:\/\/cultura.sma.gob.ar\/index.php?rest_route=\/wp\/v2\/types\/post"}],"author":[{"embeddable":true,"href":"https:\/\/cultura.sma.gob.ar\/index.php?rest_route=\/wp\/v2\/users\/1"}],"replies":[{"embeddable":true,"href":"https:\/\/cultura.sma.gob.ar\/index.php?rest_route=%2Fwp%2Fv2%2Fcomments&post=4393"}],"version-history":[{"count":2,"href":"https:\/\/cultura.sma.gob.ar\/index.php?rest_route=\/wp\/v2\/posts\/4393\/revisions"}],"predecessor-version":[{"id":4397,"href":"https:\/\/cultura.sma.gob.ar\/index.php?rest_route=\/wp\/v2\/posts\/4393\/revisions\/4397"}],"wp:featuredmedia":[{"embeddable":true,"href":"https:\/\/cultura.sma.gob.ar\/index.php?rest_route=\/wp\/v2\/media\/297"}],"wp:attachment":[{"href":"https:\/\/cultura.sma.gob.ar\/index.php?rest_route=%2Fwp%2Fv2%2Fmedia&parent=4393"}],"wp:term":[{"taxonomy":"category","embeddable":true,"href":"https:\/\/cultura.sma.gob.ar\/index.php?rest_route=%2Fwp%2Fv2%2Fcategories&post=4393"},{"taxonomy":"post_tag","embeddable":true,"href":"https:\/\/cultura.sma.gob.ar\/index.php?rest_route=%2Fwp%2Fv2%2Ftags&post=4393"}],"curies":[{"name":"wp","href":"https:\/\/api.w.org\/{rel}","templated":true}]}}