{"id":4389,"date":"2022-12-27T21:49:19","date_gmt":"2022-12-28T00:49:19","guid":{"rendered":"http:\/\/cultura.sma.gob.ar\/?p=4389"},"modified":"2022-12-27T21:49:19","modified_gmt":"2022-12-28T00:49:19","slug":"abren-la-convocatoria-para-la-muestra-colectiva-en-la-sala-municipal-de-exposiciones-lidaura-chapitel","status":"publish","type":"post","link":"https:\/\/cultura.sma.gob.ar\/?p=4389","title":{"rendered":"Abren la convocatoria para la muestra colectiva en la Sala Municipal de Exposiciones Lidaura Chapitel"},"content":{"rendered":"\n<figure class=\"wp-block-image size-large\"><img loading=\"lazy\" decoding=\"async\" width=\"1024\" height=\"1024\" src=\"http:\/\/cultura.sma.gob.ar\/wp-content\/uploads\/2022\/12\/flyer-colectiva-2023-1024x1024.jpg\" alt=\"\" class=\"wp-image-4390\" srcset=\"https:\/\/cultura.sma.gob.ar\/wp-content\/uploads\/2022\/12\/flyer-colectiva-2023-1024x1024.jpg 1024w, https:\/\/cultura.sma.gob.ar\/wp-content\/uploads\/2022\/12\/flyer-colectiva-2023-300x300.jpg 300w, https:\/\/cultura.sma.gob.ar\/wp-content\/uploads\/2022\/12\/flyer-colectiva-2023-150x150.jpg 150w, https:\/\/cultura.sma.gob.ar\/wp-content\/uploads\/2022\/12\/flyer-colectiva-2023-768x768.jpg 768w, https:\/\/cultura.sma.gob.ar\/wp-content\/uploads\/2022\/12\/flyer-colectiva-2023-1536x1536.jpg 1536w, https:\/\/cultura.sma.gob.ar\/wp-content\/uploads\/2022\/12\/flyer-colectiva-2023-90x90.jpg 90w, https:\/\/cultura.sma.gob.ar\/wp-content\/uploads\/2022\/12\/flyer-colectiva-2023.jpg 1875w\" sizes=\"auto, (max-width: 1024px) 100vw, 1024px\" \/><\/figure>\n\n\n\n<p>La Sala Municipal de Exposiciones \u201cLidaura Chapitel\u201d convoca a artistas visuales de San Mart\u00edn de los Andes y la regi\u00f3n a participar de la Exposici\u00f3n Colectiva Abierta 2023 que se desarrollar\u00e1 en febrero.<\/p>\n\n\n\n<p>Interesados e interesadas en participar deben enviar hasta el 30 de enero de 2023 inclusive a salamunicipal.chapitel@gmail.com dos propuestas expositivas en un \u00fanico documento PDF.<\/p>\n\n\n\n<p>Las propuestas deben contar con la siguiente informaci\u00f3n:<br>&#8211; Imagen de la obra en jpg (o link en el caso de video) HASTA 5 MB<br>&#8211; Ficha t\u00e9cnica de la obra:<br>&lt; T\u00edtulo<br>&lt; Nombre autor\/a<br>&lt; T\u00e9cnica<br>&lt; Medidas<br>&lt; A\u00f1o<br>&lt; Precio de la obra<br>&lt; Descripci\u00f3n detallada del soporte y su forma de montaje<\/p>\n\n\n\n<p>&#8211; Breve rese\u00f1a biogr\u00e1fica (hasta mil caracteres) indicando lugar de residencia.<\/p>\n\n\n\n<p>El archivo PDF deber\u00e1 estar nominado con nombre y apellido de la\/el artista y ser enviado en un \u00fanico correo. Se seleccionar\u00e1 s\u00f3lo una propuesta que deber\u00e1 presentarse en la Sala el 1 y 2 de febrero de 9 a 13 y de 17:30 a 20 hs, sin excepci\u00f3n.<\/p>\n\n\n\n<p>La Sala Municipal de Exposiciones se encargar\u00e1 de:<br>&#8211; Selecci\u00f3n de propuestas<br>&#8211; Curadur\u00eda y Montaje<br>&#8211; Seguro de permanencia en sala<br>&#8211; Gr\u00e1fica<br>&#8211; Comunicaci\u00f3n y difusi\u00f3n<\/p>\n\n\n\n<p>No se cubren gastos de env\u00edo ni producci\u00f3n de obra.<\/p>\n","protected":false},"excerpt":{"rendered":"<p>La Sala Municipal de Exposiciones \u201cLidaura Chapitel\u201d convoca a artistas visuales de San Mart\u00edn de los Andes y la regi\u00f3n a participar de la Exposici\u00f3n Colectiva Abierta 2023 que se desarrollar\u00e1 en febrero. Interesados e interesadas en participar deben enviar hasta el 30 de enero de 2023 inclusive a salamunicipal.chapitel@gmail.com dos propuestas expositivas en un \u00fanico documento PDF. Las propuestas deben contar con la siguiente &hellip; <a href=\"https:\/\/cultura.sma.gob.ar\/?p=4389\" class=\"more-link\">Continue reading <span class=\"screen-reader-text\">Abren la convocatoria para la muestra colectiva en la Sala Municipal de Exposiciones Lidaura Chapitel<\/span><\/a><\/p>\n","protected":false},"author":1,"featured_media":295,"comment_status":"closed","ping_status":"","sticky":false,"template":"","format":"image","meta":{"footnotes":""},"categories":[6,9],"tags":[],"class_list":["post-4389","post","type-post","status-publish","format-image","has-post-thumbnail","hentry","category-sala-lidaura-chapitel","category-ultimas-noticias","post_format-post-format-image"],"_links":{"self":[{"href":"https:\/\/cultura.sma.gob.ar\/index.php?rest_route=\/wp\/v2\/posts\/4389","targetHints":{"allow":["GET"]}}],"collection":[{"href":"https:\/\/cultura.sma.gob.ar\/index.php?rest_route=\/wp\/v2\/posts"}],"about":[{"href":"https:\/\/cultura.sma.gob.ar\/index.php?rest_route=\/wp\/v2\/types\/post"}],"author":[{"embeddable":true,"href":"https:\/\/cultura.sma.gob.ar\/index.php?rest_route=\/wp\/v2\/users\/1"}],"replies":[{"embeddable":true,"href":"https:\/\/cultura.sma.gob.ar\/index.php?rest_route=%2Fwp%2Fv2%2Fcomments&post=4389"}],"version-history":[{"count":1,"href":"https:\/\/cultura.sma.gob.ar\/index.php?rest_route=\/wp\/v2\/posts\/4389\/revisions"}],"predecessor-version":[{"id":4391,"href":"https:\/\/cultura.sma.gob.ar\/index.php?rest_route=\/wp\/v2\/posts\/4389\/revisions\/4391"}],"wp:featuredmedia":[{"embeddable":true,"href":"https:\/\/cultura.sma.gob.ar\/index.php?rest_route=\/wp\/v2\/media\/295"}],"wp:attachment":[{"href":"https:\/\/cultura.sma.gob.ar\/index.php?rest_route=%2Fwp%2Fv2%2Fmedia&parent=4389"}],"wp:term":[{"taxonomy":"category","embeddable":true,"href":"https:\/\/cultura.sma.gob.ar\/index.php?rest_route=%2Fwp%2Fv2%2Fcategories&post=4389"},{"taxonomy":"post_tag","embeddable":true,"href":"https:\/\/cultura.sma.gob.ar\/index.php?rest_route=%2Fwp%2Fv2%2Ftags&post=4389"}],"curies":[{"name":"wp","href":"https:\/\/api.w.org\/{rel}","templated":true}]}}