{"id":4383,"date":"2022-12-25T21:36:36","date_gmt":"2022-12-26T00:36:36","guid":{"rendered":"http:\/\/cultura.sma.gob.ar\/?p=4383"},"modified":"2022-12-25T21:36:36","modified_gmt":"2022-12-26T00:36:36","slug":"cuarteto-boedo-en-la-sala-amankay","status":"publish","type":"post","link":"https:\/\/cultura.sma.gob.ar\/?p=4383","title":{"rendered":"&#8221;Cuarteto Boedo&#8221;, en la Sala Amankay"},"content":{"rendered":"\n<figure class=\"wp-block-image size-large\"><img loading=\"lazy\" decoding=\"async\" width=\"1024\" height=\"1024\" src=\"http:\/\/cultura.sma.gob.ar\/wp-content\/uploads\/2022\/12\/Flyer-Cuarteto-Boedo-1024x1024.jpg\" alt=\"\" class=\"wp-image-4384\" srcset=\"https:\/\/cultura.sma.gob.ar\/wp-content\/uploads\/2022\/12\/Flyer-Cuarteto-Boedo-1024x1024.jpg 1024w, https:\/\/cultura.sma.gob.ar\/wp-content\/uploads\/2022\/12\/Flyer-Cuarteto-Boedo-300x300.jpg 300w, https:\/\/cultura.sma.gob.ar\/wp-content\/uploads\/2022\/12\/Flyer-Cuarteto-Boedo-150x150.jpg 150w, https:\/\/cultura.sma.gob.ar\/wp-content\/uploads\/2022\/12\/Flyer-Cuarteto-Boedo-768x768.jpg 768w, https:\/\/cultura.sma.gob.ar\/wp-content\/uploads\/2022\/12\/Flyer-Cuarteto-Boedo-90x90.jpg 90w, https:\/\/cultura.sma.gob.ar\/wp-content\/uploads\/2022\/12\/Flyer-Cuarteto-Boedo.jpg 1080w\" sizes=\"auto, (max-width: 1024px) 100vw, 1024px\" \/><\/figure>\n\n\n\n<p>El pr\u00f3ximo jueves, 12 de enero de 2023, a las 21hs, en la Sala Amankay de nuestro querido Centro Cultural, el Cuarteto Boedo presenta \u201cM\u00daSICA CL\u00c1SICA POPULAR\u201d.<br>Se trata de un cuarteto de cuerdas que propone un di\u00e1logo entre la m\u00fasica cl\u00e1sica y otros g\u00e9neros populares. Su repertorio recorre un abanico diverso de obras que van desde la m\u00fasica acad\u00e9mica &#8211; Mozart, Gianneo, Shostakovich- hasta una pieza de rock de c\u00e1mara.<\/p>\n\n\n\n<p>Est\u00e1 integrado por Leonardo P\u00e9rez y Joaqu\u00edn Chib\u00e1n en violines, Valentina Vescovi en violoncello y Luz Garc\u00eda Souto en viola.<\/p>\n\n\n\n<p>Desde su nacimiento, el cuarteto ha participado en diferentes espacios de la escena cultural de Buenos Aires, present\u00e1ndose en centros culturales, festivales de cine, centros educativos &#8211; como la Escuela de M\u00fasica Juan Pedro Esnaola-, auditorios, teatros, residencias de adultos mayores, escuelas p\u00fablicas y espacios al aire libre. El grupo busca acercar la m\u00fasica cl\u00e1sica a diversos p\u00fablicos y \u00e1mbitos. En agosto de 2022 ampliaron sus horizontes realizando un concierto en la Sala Verdi de Montevideo.<\/p>\n\n\n\n<p>Han realizado dos videoclips en un trabajo colaborativo con el productor audiovisual Juan Raimondi. Uno es realizado a partir de un arreglo original para cuarteto de cuerdas de \u2018Toxic\u2019, de Britney Spears, el otro, sobre una obra del compositor argentino Luis Gianneo.<\/p>\n\n\n\n<p>Repertorio:<br>\u2022 Cuarteto en Sol Mayor KV 156 | W.A. Mozart<br>\u2022 Tres Piezas Criollas | Luis Gianneo<br>\u2022 Selecci\u00f3n de M\u00fasica Andina y Amaz\u00f3nica | Arreglo: Leonardo P\u00e9rez<br>\u2022 Cuarteto de Cuerdas N\u00ba 7 | Dimitri Shostakovich<br>\u2022 Suite Nintendo | Leonardo P\u00e9rez<\/p>\n","protected":false},"excerpt":{"rendered":"<p>El pr\u00f3ximo jueves, 12 de enero de 2023, a las 21hs, en la Sala Amankay de nuestro querido Centro Cultural, el Cuarteto Boedo presenta \u201cM\u00daSICA CL\u00c1SICA POPULAR\u201d.Se trata de un cuarteto de cuerdas que propone un di\u00e1logo entre la m\u00fasica cl\u00e1sica y otros g\u00e9neros populares. Su repertorio recorre un abanico diverso de obras que van desde la m\u00fasica acad\u00e9mica &#8211; Mozart, Gianneo, Shostakovich- hasta una &hellip; <a href=\"https:\/\/cultura.sma.gob.ar\/?p=4383\" class=\"more-link\">Continue reading <span class=\"screen-reader-text\">&#8221;Cuarteto Boedo&#8221;, en la Sala Amankay<\/span><\/a><\/p>\n","protected":false},"author":1,"featured_media":297,"comment_status":"closed","ping_status":"","sticky":false,"template":"","format":"image","meta":{"footnotes":""},"categories":[2,9],"tags":[],"class_list":["post-4383","post","type-post","status-publish","format-image","has-post-thumbnail","hentry","category-ciudad-cultural","category-ultimas-noticias","post_format-post-format-image"],"_links":{"self":[{"href":"https:\/\/cultura.sma.gob.ar\/index.php?rest_route=\/wp\/v2\/posts\/4383","targetHints":{"allow":["GET"]}}],"collection":[{"href":"https:\/\/cultura.sma.gob.ar\/index.php?rest_route=\/wp\/v2\/posts"}],"about":[{"href":"https:\/\/cultura.sma.gob.ar\/index.php?rest_route=\/wp\/v2\/types\/post"}],"author":[{"embeddable":true,"href":"https:\/\/cultura.sma.gob.ar\/index.php?rest_route=\/wp\/v2\/users\/1"}],"replies":[{"embeddable":true,"href":"https:\/\/cultura.sma.gob.ar\/index.php?rest_route=%2Fwp%2Fv2%2Fcomments&post=4383"}],"version-history":[{"count":1,"href":"https:\/\/cultura.sma.gob.ar\/index.php?rest_route=\/wp\/v2\/posts\/4383\/revisions"}],"predecessor-version":[{"id":4385,"href":"https:\/\/cultura.sma.gob.ar\/index.php?rest_route=\/wp\/v2\/posts\/4383\/revisions\/4385"}],"wp:featuredmedia":[{"embeddable":true,"href":"https:\/\/cultura.sma.gob.ar\/index.php?rest_route=\/wp\/v2\/media\/297"}],"wp:attachment":[{"href":"https:\/\/cultura.sma.gob.ar\/index.php?rest_route=%2Fwp%2Fv2%2Fmedia&parent=4383"}],"wp:term":[{"taxonomy":"category","embeddable":true,"href":"https:\/\/cultura.sma.gob.ar\/index.php?rest_route=%2Fwp%2Fv2%2Fcategories&post=4383"},{"taxonomy":"post_tag","embeddable":true,"href":"https:\/\/cultura.sma.gob.ar\/index.php?rest_route=%2Fwp%2Fv2%2Ftags&post=4383"}],"curies":[{"name":"wp","href":"https:\/\/api.w.org\/{rel}","templated":true}]}}