{"id":4379,"date":"2022-12-25T21:34:21","date_gmt":"2022-12-26T00:34:21","guid":{"rendered":"http:\/\/cultura.sma.gob.ar\/?p=4379"},"modified":"2022-12-25T21:34:21","modified_gmt":"2022-12-26T00:34:21","slug":"intensivo-de-ballet-en-el-centro-cultural-cotesma","status":"publish","type":"post","link":"https:\/\/cultura.sma.gob.ar\/?p=4379","title":{"rendered":"Intensivo de Ballet en el Centro Cultural Cotesma"},"content":{"rendered":"\n<figure class=\"wp-block-image size-large\"><img loading=\"lazy\" decoding=\"async\" width=\"723\" height=\"1024\" src=\"http:\/\/cultura.sma.gob.ar\/wp-content\/uploads\/2022\/12\/Flyer-Ballet-Verano-2023-723x1024.jpg\" alt=\"\" class=\"wp-image-4380\" srcset=\"https:\/\/cultura.sma.gob.ar\/wp-content\/uploads\/2022\/12\/Flyer-Ballet-Verano-2023-723x1024.jpg 723w, https:\/\/cultura.sma.gob.ar\/wp-content\/uploads\/2022\/12\/Flyer-Ballet-Verano-2023-212x300.jpg 212w, https:\/\/cultura.sma.gob.ar\/wp-content\/uploads\/2022\/12\/Flyer-Ballet-Verano-2023-768x1087.jpg 768w, https:\/\/cultura.sma.gob.ar\/wp-content\/uploads\/2022\/12\/Flyer-Ballet-Verano-2023-64x90.jpg 64w, https:\/\/cultura.sma.gob.ar\/wp-content\/uploads\/2022\/12\/Flyer-Ballet-Verano-2023.jpg 904w\" sizes=\"auto, (max-width: 723px) 100vw, 723px\" \/><\/figure>\n\n\n\n<p>vamos armando los talleres de verano y la Escuela de Danzas de San Mart\u00edn de los Andes \/ Ballet de la Patagonia, tiene una imperdible propuesta para compartir.<\/p>\n\n\n\n<p>\u2022Te invitamos a sumarte a esta oportunidad \u00fanica , curso&nbsp; especial de verano,&nbsp; de perfecionamiento en tecnica de la danza cl\u00e1sica\/ballet<br>\u2022Elongaci\u00f3n, \u2022t\u00e9cnica de puntas , \u2022repertorio<br>\u2022Tendr\u00e1s la oportunidad de sumarte a la compa\u00f1\u00eda BALLET DE LA PATAGONIA<br>\u2022Curso a cargo de la profesora Andrea iocca , egresada del instituto superior de arte del teatro colon<br>\u2022Edad : a partir de los 10 a\u00f1os , adolescentes y adultos para todos los niveles<\/p>\n\n\n\n<p>Profesora Andrea Iocca<br>Contacto para inscripciones e informes: +5492944555477.-<\/p>\n","protected":false},"excerpt":{"rendered":"<p>vamos armando los talleres de verano y la Escuela de Danzas de San Mart\u00edn de los Andes \/ Ballet de la Patagonia, tiene una imperdible propuesta para compartir. \u2022Te invitamos a sumarte a esta oportunidad \u00fanica , curso&nbsp; especial de verano,&nbsp; de perfecionamiento en tecnica de la danza cl\u00e1sica\/ballet\u2022Elongaci\u00f3n, \u2022t\u00e9cnica de puntas , \u2022repertorio\u2022Tendr\u00e1s la oportunidad de sumarte a la compa\u00f1\u00eda BALLET DE LA PATAGONIA\u2022Curso &hellip; <a href=\"https:\/\/cultura.sma.gob.ar\/?p=4379\" class=\"more-link\">Continue reading <span class=\"screen-reader-text\">Intensivo de Ballet en el Centro Cultural Cotesma<\/span><\/a><\/p>\n","protected":false},"author":1,"featured_media":297,"comment_status":"closed","ping_status":"","sticky":false,"template":"","format":"image","meta":{"footnotes":""},"categories":[2,9],"tags":[],"class_list":["post-4379","post","type-post","status-publish","format-image","has-post-thumbnail","hentry","category-ciudad-cultural","category-ultimas-noticias","post_format-post-format-image"],"_links":{"self":[{"href":"https:\/\/cultura.sma.gob.ar\/index.php?rest_route=\/wp\/v2\/posts\/4379","targetHints":{"allow":["GET"]}}],"collection":[{"href":"https:\/\/cultura.sma.gob.ar\/index.php?rest_route=\/wp\/v2\/posts"}],"about":[{"href":"https:\/\/cultura.sma.gob.ar\/index.php?rest_route=\/wp\/v2\/types\/post"}],"author":[{"embeddable":true,"href":"https:\/\/cultura.sma.gob.ar\/index.php?rest_route=\/wp\/v2\/users\/1"}],"replies":[{"embeddable":true,"href":"https:\/\/cultura.sma.gob.ar\/index.php?rest_route=%2Fwp%2Fv2%2Fcomments&post=4379"}],"version-history":[{"count":1,"href":"https:\/\/cultura.sma.gob.ar\/index.php?rest_route=\/wp\/v2\/posts\/4379\/revisions"}],"predecessor-version":[{"id":4381,"href":"https:\/\/cultura.sma.gob.ar\/index.php?rest_route=\/wp\/v2\/posts\/4379\/revisions\/4381"}],"wp:featuredmedia":[{"embeddable":true,"href":"https:\/\/cultura.sma.gob.ar\/index.php?rest_route=\/wp\/v2\/media\/297"}],"wp:attachment":[{"href":"https:\/\/cultura.sma.gob.ar\/index.php?rest_route=%2Fwp%2Fv2%2Fmedia&parent=4379"}],"wp:term":[{"taxonomy":"category","embeddable":true,"href":"https:\/\/cultura.sma.gob.ar\/index.php?rest_route=%2Fwp%2Fv2%2Fcategories&post=4379"},{"taxonomy":"post_tag","embeddable":true,"href":"https:\/\/cultura.sma.gob.ar\/index.php?rest_route=%2Fwp%2Fv2%2Ftags&post=4379"}],"curies":[{"name":"wp","href":"https:\/\/api.w.org\/{rel}","templated":true}]}}