{"id":4375,"date":"2022-12-25T21:27:35","date_gmt":"2022-12-26T00:27:35","guid":{"rendered":"http:\/\/cultura.sma.gob.ar\/?p=4375"},"modified":"2022-12-25T21:27:35","modified_gmt":"2022-12-26T00:27:35","slug":"ya-esta-abierta-la-inscripcion-para-la-primera-noche-de-las-artes-del-verano-2023","status":"publish","type":"post","link":"https:\/\/cultura.sma.gob.ar\/?p=4375","title":{"rendered":"Ya est\u00e1 abierta la inscripci\u00f3n para la primera &#8221;Noche de las Artes&#8221; del verano 2023"},"content":{"rendered":"\n<figure class=\"wp-block-image size-large\"><img decoding=\"async\" src=\"https:\/\/scontent.fcpc1-1.fna.fbcdn.net\/v\/t39.30808-6\/274946401_4908596335890978_7686071945269933153_n.jpg?_nc_cat=111&amp;ccb=1-7&amp;_nc_sid=0debeb&amp;_nc_eui2=AeFBnRj91JjAAa3-UX8wck0G8DO81VDFAV_wM7zVUMUBX4wH-x1ACVTfvrH5bBA7DvygHl2cgzNrw_p0HX52DG3S&amp;_nc_ohc=a8nrxm5uLY8AX_zbZhH&amp;_nc_ht=scontent.fcpc1-1.fna&amp;oh=00_AfA5cHwKQ7KjlzAI4Ick4M1jX93dZQ8wuSArtw7HrQb9og&amp;oe=63AE3A89\" alt=\"\"\/><\/figure>\n\n\n\n<p><\/p>\n\n\n\n<p>El s\u00e1bado 14 de enero se realizar\u00e1 la primera Noche de las Artes del verano 2023. <\/p>\n\n\n\n<p>Se trata de uno de los acontecimientos m\u00e1s esperados por vecinos, vecinas y visitantes, que convierte a la Avenida San Mart\u00edn en una gran peatonal cultural de arte callejero.<\/p>\n\n\n\n<p>Atenci\u00f3n artistas interesados en participar: las inscripciones se realizar\u00e1n en la Secretar\u00eda de Cultura (Cap. Drury 665), desde el martes 27 de diciembre hasta el viernes 6 de enero, de 9 a 14, y de 17 a 20 hs.\u00a0<\/p>\n\n\n\n<p>La convocatoria est\u00e1 destinada \u00fanicamente a los siguientes rubros: artes pl\u00e1sticas, fotograf\u00eda, producciones audiovisuales, m\u00fasica, danzas, teatro, circo, t\u00edteres, magia, bibliotecas, librer\u00edas y editoriales.Se establece un cupo m\u00e1ximo de 70 \u201cpresentaciones esc\u00e9nicas\u201d, para lo cual se respetar\u00e1 el orden de inscripci\u00f3n. Quienes se inscriban posteriormente quedar\u00e1n en lista de espera. <\/p>\n\n\n\n<p>Importante: los grupos que hagan \u201cpresentaciones esc\u00e9nicas\u201d y deseen actuar en un mismo espacio f\u00edsico, uno a continuaci\u00f3n de otro (porque comparten sonido o por cualquier otra raz\u00f3n), deber\u00e1n presentarse juntos al momento de hacer la inscripci\u00f3n.\u00a0<\/p>\n\n\n\n<p>Para los \u201cexpositores\u201d (artes visuales y literatura) no habr\u00e1 l\u00edmite de participaci\u00f3n.<\/p>\n","protected":false},"excerpt":{"rendered":"<p>El s\u00e1bado 14 de enero se realizar\u00e1 la primera Noche de las Artes del verano 2023. Se trata de uno de los acontecimientos m\u00e1s esperados por vecinos, vecinas y visitantes, que convierte a la Avenida San Mart\u00edn en una gran peatonal cultural de arte callejero. Atenci\u00f3n artistas interesados en participar: las inscripciones se realizar\u00e1n en la Secretar\u00eda de Cultura (Cap. Drury 665), desde el martes &hellip; <a href=\"https:\/\/cultura.sma.gob.ar\/?p=4375\" class=\"more-link\">Continue reading <span class=\"screen-reader-text\">Ya est\u00e1 abierta la inscripci\u00f3n para la primera &#8221;Noche de las Artes&#8221; del verano 2023<\/span><\/a><\/p>\n","protected":false},"author":1,"featured_media":296,"comment_status":"closed","ping_status":"","sticky":false,"template":"","format":"image","meta":{"footnotes":""},"categories":[3,9],"tags":[],"class_list":["post-4375","post","type-post","status-publish","format-image","has-post-thumbnail","hentry","category-eventos-cultura","category-ultimas-noticias","post_format-post-format-image"],"_links":{"self":[{"href":"https:\/\/cultura.sma.gob.ar\/index.php?rest_route=\/wp\/v2\/posts\/4375","targetHints":{"allow":["GET"]}}],"collection":[{"href":"https:\/\/cultura.sma.gob.ar\/index.php?rest_route=\/wp\/v2\/posts"}],"about":[{"href":"https:\/\/cultura.sma.gob.ar\/index.php?rest_route=\/wp\/v2\/types\/post"}],"author":[{"embeddable":true,"href":"https:\/\/cultura.sma.gob.ar\/index.php?rest_route=\/wp\/v2\/users\/1"}],"replies":[{"embeddable":true,"href":"https:\/\/cultura.sma.gob.ar\/index.php?rest_route=%2Fwp%2Fv2%2Fcomments&post=4375"}],"version-history":[{"count":1,"href":"https:\/\/cultura.sma.gob.ar\/index.php?rest_route=\/wp\/v2\/posts\/4375\/revisions"}],"predecessor-version":[{"id":4376,"href":"https:\/\/cultura.sma.gob.ar\/index.php?rest_route=\/wp\/v2\/posts\/4375\/revisions\/4376"}],"wp:featuredmedia":[{"embeddable":true,"href":"https:\/\/cultura.sma.gob.ar\/index.php?rest_route=\/wp\/v2\/media\/296"}],"wp:attachment":[{"href":"https:\/\/cultura.sma.gob.ar\/index.php?rest_route=%2Fwp%2Fv2%2Fmedia&parent=4375"}],"wp:term":[{"taxonomy":"category","embeddable":true,"href":"https:\/\/cultura.sma.gob.ar\/index.php?rest_route=%2Fwp%2Fv2%2Fcategories&post=4375"},{"taxonomy":"post_tag","embeddable":true,"href":"https:\/\/cultura.sma.gob.ar\/index.php?rest_route=%2Fwp%2Fv2%2Ftags&post=4375"}],"curies":[{"name":"wp","href":"https:\/\/api.w.org\/{rel}","templated":true}]}}