{"id":4371,"date":"2022-12-25T21:05:40","date_gmt":"2022-12-26T00:05:40","guid":{"rendered":"http:\/\/cultura.sma.gob.ar\/?p=4371"},"modified":"2022-12-25T21:05:40","modified_gmt":"2022-12-26T00:05:40","slug":"abriendo-un-nuevo-ano-llega-una-nueva-muestra-la-sala-lidaura-chapitel","status":"publish","type":"post","link":"https:\/\/cultura.sma.gob.ar\/?p=4371","title":{"rendered":"Abriendo un nuevo a\u00f1o, llega una nueva muestra la Sala Lidaura Chapitel"},"content":{"rendered":"\n<figure class=\"wp-block-image size-large\"><img loading=\"lazy\" decoding=\"async\" width=\"1024\" height=\"1024\" src=\"http:\/\/cultura.sma.gob.ar\/wp-content\/uploads\/2022\/12\/afiches-02-1024x1024.jpg\" alt=\"\" class=\"wp-image-4372\" srcset=\"https:\/\/cultura.sma.gob.ar\/wp-content\/uploads\/2022\/12\/afiches-02-1024x1024.jpg 1024w, https:\/\/cultura.sma.gob.ar\/wp-content\/uploads\/2022\/12\/afiches-02-300x300.jpg 300w, https:\/\/cultura.sma.gob.ar\/wp-content\/uploads\/2022\/12\/afiches-02-150x150.jpg 150w, https:\/\/cultura.sma.gob.ar\/wp-content\/uploads\/2022\/12\/afiches-02-768x768.jpg 768w, https:\/\/cultura.sma.gob.ar\/wp-content\/uploads\/2022\/12\/afiches-02-1536x1536.jpg 1536w, https:\/\/cultura.sma.gob.ar\/wp-content\/uploads\/2022\/12\/afiches-02-90x90.jpg 90w, https:\/\/cultura.sma.gob.ar\/wp-content\/uploads\/2022\/12\/afiches-02.jpg 1875w\" sizes=\"auto, (max-width: 1024px) 100vw, 1024px\" \/><\/figure>\n\n\n\n<p>Llega &#8221;Las flores del mal&#8221;, de Fabi\u00e1n La Rosa.<\/p>\n\n\n\n<p><em>Las flores del mal<\/em>\u00a0es una serie de pinturas y dibujos que el artista comienza en los primeros meses del a\u00f1o 2020. En esos d\u00edas de encierro y aislamiento, inspirado por los cuadros de arreglos florales de las pintoras y pintores flamencos del siglo XVII, La Rosa empieza a dibujar y luego a pintar esta serie de flores que como en aquellas obras de los viejos maestros neerlandeses, aparecen desde la oscuridad para brindarse con su exuberancia a nuestra mirada.<\/p>\n\n\n\n<p>Esta nueva exposici\u00f3n tendr\u00e1 como fecha de inauguraci\u00f3n el 6 enero a las 20\u00a0hs. y estar\u00e1 disponible hasta el 1 de febrero, con entrada libre y gratuita, de lunes a viernes de 10 a 12, y de 17 a 21 hs. Y los s\u00e1bados de 17 a 21 hs.<\/p>\n","protected":false},"excerpt":{"rendered":"<p>Llega &#8221;Las flores del mal&#8221;, de Fabi\u00e1n La Rosa. Las flores del mal\u00a0es una serie de pinturas y dibujos que el artista comienza en los primeros meses del a\u00f1o 2020. En esos d\u00edas de encierro y aislamiento, inspirado por los cuadros de arreglos florales de las pintoras y pintores flamencos del siglo XVII, La Rosa empieza a dibujar y luego a pintar esta serie de &hellip; <a href=\"https:\/\/cultura.sma.gob.ar\/?p=4371\" class=\"more-link\">Continue reading <span class=\"screen-reader-text\">Abriendo un nuevo a\u00f1o, llega una nueva muestra la Sala Lidaura Chapitel<\/span><\/a><\/p>\n","protected":false},"author":1,"featured_media":295,"comment_status":"closed","ping_status":"","sticky":false,"template":"","format":"image","meta":{"footnotes":""},"categories":[6,9],"tags":[],"class_list":["post-4371","post","type-post","status-publish","format-image","has-post-thumbnail","hentry","category-sala-lidaura-chapitel","category-ultimas-noticias","post_format-post-format-image"],"_links":{"self":[{"href":"https:\/\/cultura.sma.gob.ar\/index.php?rest_route=\/wp\/v2\/posts\/4371","targetHints":{"allow":["GET"]}}],"collection":[{"href":"https:\/\/cultura.sma.gob.ar\/index.php?rest_route=\/wp\/v2\/posts"}],"about":[{"href":"https:\/\/cultura.sma.gob.ar\/index.php?rest_route=\/wp\/v2\/types\/post"}],"author":[{"embeddable":true,"href":"https:\/\/cultura.sma.gob.ar\/index.php?rest_route=\/wp\/v2\/users\/1"}],"replies":[{"embeddable":true,"href":"https:\/\/cultura.sma.gob.ar\/index.php?rest_route=%2Fwp%2Fv2%2Fcomments&post=4371"}],"version-history":[{"count":1,"href":"https:\/\/cultura.sma.gob.ar\/index.php?rest_route=\/wp\/v2\/posts\/4371\/revisions"}],"predecessor-version":[{"id":4373,"href":"https:\/\/cultura.sma.gob.ar\/index.php?rest_route=\/wp\/v2\/posts\/4371\/revisions\/4373"}],"wp:featuredmedia":[{"embeddable":true,"href":"https:\/\/cultura.sma.gob.ar\/index.php?rest_route=\/wp\/v2\/media\/295"}],"wp:attachment":[{"href":"https:\/\/cultura.sma.gob.ar\/index.php?rest_route=%2Fwp%2Fv2%2Fmedia&parent=4371"}],"wp:term":[{"taxonomy":"category","embeddable":true,"href":"https:\/\/cultura.sma.gob.ar\/index.php?rest_route=%2Fwp%2Fv2%2Fcategories&post=4371"},{"taxonomy":"post_tag","embeddable":true,"href":"https:\/\/cultura.sma.gob.ar\/index.php?rest_route=%2Fwp%2Fv2%2Ftags&post=4371"}],"curies":[{"name":"wp","href":"https:\/\/api.w.org\/{rel}","templated":true}]}}