{"id":437,"date":"2020-10-21T09:52:20","date_gmt":"2020-10-21T12:52:20","guid":{"rendered":"http:\/\/cultura.sma.gob.ar\/?p=437"},"modified":"2020-10-21T09:52:20","modified_gmt":"2020-10-21T12:52:20","slug":"un-tal-lucas-musica-en-streaming","status":"publish","type":"post","link":"https:\/\/cultura.sma.gob.ar\/?p=437","title":{"rendered":"Un Tal Lucas: m\u00fasica en streaming"},"content":{"rendered":"\n<figure class=\"wp-block-image size-large\"><img loading=\"lazy\" decoding=\"async\" width=\"720\" height=\"724\" src=\"http:\/\/cultura.sma.gob.ar\/wp-content\/uploads\/2020\/10\/Un-Tal-Lucas-Flyer-JPEG.jpg\" alt=\"\" class=\"wp-image-438\" srcset=\"https:\/\/cultura.sma.gob.ar\/wp-content\/uploads\/2020\/10\/Un-Tal-Lucas-Flyer-JPEG.jpg 720w, https:\/\/cultura.sma.gob.ar\/wp-content\/uploads\/2020\/10\/Un-Tal-Lucas-Flyer-JPEG-298x300.jpg 298w, https:\/\/cultura.sma.gob.ar\/wp-content\/uploads\/2020\/10\/Un-Tal-Lucas-Flyer-JPEG-150x150.jpg 150w, https:\/\/cultura.sma.gob.ar\/wp-content\/uploads\/2020\/10\/Un-Tal-Lucas-Flyer-JPEG-90x90.jpg 90w\" sizes=\"auto, (max-width: 720px) 100vw, 720px\" \/><\/figure>\n\n\n\n<p>Seguimos difundiendo todas las propuestas que se suman a nuestra grilla. Mientras disfrutamos los streamings de esta semana: Mi\u00e9rcoles 21 a las 19hs, Alas 440 en el Ciclo &#8220;Mu.Sa.&#8221; y el viernes 23 a las 20:30hs Decir Danzando en el Ciclo &#8220;Viernes Culturales en la G\u00fcnther&#8221;, te acercamos un adelanto de la pr\u00f3xima semana.<\/p>\n\n\n\n<p>El pr\u00f3ximo lunes, 26 de octubre, continuando con el Ciclo \u201cMu.Sa.\u201d, llega la presentaci\u00f3n de \u201cUN TAL LUCAS\u201d.<br>A las 19:00hs via streaming, desde la Sala Amankay, con protocolo sanitario, sin p\u00fablico presencial, a trav\u00e9s de Facebook Live&nbsp;<a href=\"https:\/\/correo.smandes.gov.ar\/owa\/redir.aspx?C=5952da5dd04449bc939eeb5d4b801511&amp;URL=https%3a%2f%2fwww.facebook.com%2flucas.lobos.3158652\" target=\"_blank\" rel=\"noreferrer noopener\">@Lucas Lobos.<\/a><br>Lucas Lobos es m\u00fasico y docente originario de la provincia de C\u00f3rdoba. Desde el a\u00f1o 2005 estudi\u00f3 bajo, sum\u00e1ndose a distintos grupos. En el a\u00f1o 2010 grab\u00f3 en la ciudad de C\u00f3rdoba el disco de uno de estos grupos, el cual incluy\u00f3 5 canciones de su autor\u00eda. Desde ese momento escribi\u00f3 letras, m\u00fasicas, arreglos orquestales y corales; y se desempe\u00f1\u00f3 como bajista, cantante y guitarrista de distintos grupos de rock (nacional e internacional), pop, folklore (argentino y latinoamericano), jazz fusi\u00f3n\u2026 Adem\u00e1s, comparti\u00f3 escenarios en distintos festivales de la regi\u00f3n C\u00f3rdoba-Santa Fe, junto a bandas como Las Pelotas, El Bordo, Pier, Carajo, La Vela Puerca, Eruca Sativa, Bahiano, Adri\u00e1n Abonizio y Jorge Velando (a estos \u00faltimos dos los acompa\u00f1\u00f3 como m\u00fasico invitado). En paralelo se dedic\u00f3 a presentar sus canciones tanto en formato banda como ac\u00fastico. En el a\u00f1o 2018 me radic\u00f3 en la Patagonia, instal\u00e1ndose en el a\u00f1o 2019 en San Mart\u00edn de los Andes. A fines del mismo a\u00f1o comenz\u00f3 la preproducci\u00f3n de su primer EP solista, que ya se encuentra grabado y en proceso de masterizaci\u00f3n.<\/p>\n\n\n\n<p>En la presentaci\u00f3n del lunes 26\/10, repasar\u00e1 algunas canciones de su autor\u00eda mechado con covers de Rock Nacional.<\/p>\n\n\n\n<p>\u201cUN TAL LUCAS\u201d, lunes 26 de octubre a las 19hs \u2013 Facebook Live&nbsp;<a href=\"https:\/\/correo.smandes.gov.ar\/owa\/redir.aspx?C=5952da5dd04449bc939eeb5d4b801511&amp;URL=https%3a%2f%2fwww.facebook.com%2flucas.lobos.3158652\" target=\"_blank\" rel=\"noreferrer noopener\">@Lucas Lobos.<\/a><\/p>\n\n\n\n<p>Pod\u00e9s colaborar con el artista al siguiente CBU: 0970002455007793350013<\/p>\n","protected":false},"excerpt":{"rendered":"<p>Lunes 26 de octubre &#8211; 19hs &#8211; v\u00eda Facebook Live <a href=\"https:\/\/cultura.sma.gob.ar\/?p=437\" class=\"more-link\">Continue reading <span class=\"screen-reader-text\">Un Tal Lucas: m\u00fasica en streaming<\/span><\/a><\/p>\n","protected":false},"author":1,"featured_media":297,"comment_status":"closed","ping_status":"","sticky":false,"template":"","format":"image","meta":{"footnotes":""},"categories":[2],"tags":[],"class_list":["post-437","post","type-post","status-publish","format-image","has-post-thumbnail","hentry","category-ciudad-cultural","post_format-post-format-image"],"_links":{"self":[{"href":"https:\/\/cultura.sma.gob.ar\/index.php?rest_route=\/wp\/v2\/posts\/437","targetHints":{"allow":["GET"]}}],"collection":[{"href":"https:\/\/cultura.sma.gob.ar\/index.php?rest_route=\/wp\/v2\/posts"}],"about":[{"href":"https:\/\/cultura.sma.gob.ar\/index.php?rest_route=\/wp\/v2\/types\/post"}],"author":[{"embeddable":true,"href":"https:\/\/cultura.sma.gob.ar\/index.php?rest_route=\/wp\/v2\/users\/1"}],"replies":[{"embeddable":true,"href":"https:\/\/cultura.sma.gob.ar\/index.php?rest_route=%2Fwp%2Fv2%2Fcomments&post=437"}],"version-history":[{"count":1,"href":"https:\/\/cultura.sma.gob.ar\/index.php?rest_route=\/wp\/v2\/posts\/437\/revisions"}],"predecessor-version":[{"id":439,"href":"https:\/\/cultura.sma.gob.ar\/index.php?rest_route=\/wp\/v2\/posts\/437\/revisions\/439"}],"wp:featuredmedia":[{"embeddable":true,"href":"https:\/\/cultura.sma.gob.ar\/index.php?rest_route=\/wp\/v2\/media\/297"}],"wp:attachment":[{"href":"https:\/\/cultura.sma.gob.ar\/index.php?rest_route=%2Fwp%2Fv2%2Fmedia&parent=437"}],"wp:term":[{"taxonomy":"category","embeddable":true,"href":"https:\/\/cultura.sma.gob.ar\/index.php?rest_route=%2Fwp%2Fv2%2Fcategories&post=437"},{"taxonomy":"post_tag","embeddable":true,"href":"https:\/\/cultura.sma.gob.ar\/index.php?rest_route=%2Fwp%2Fv2%2Ftags&post=437"}],"curies":[{"name":"wp","href":"https:\/\/api.w.org\/{rel}","templated":true}]}}